{"id":49,"date":"2023-04-07T16:19:48","date_gmt":"2023-04-07T16:19:48","guid":{"rendered":"https:\/\/www.marianaflores.com\/?p=49"},"modified":"2023-05-06T12:20:58","modified_gmt":"2023-05-06T12:20:58","slug":"opera-de-bellas-artes-presenta-orfeo-y-euridice-de-christoph-willibald-gluck","status":"publish","type":"post","link":"https:\/\/www.marianaflores.com\/es\/opera-de-bellas-artes-presenta-orfeo-y-euridice-de-christoph-willibald-gluck\/","title":{"rendered":"\u00d3pera De Bellas Artes Presenta Orfeo Y Eur\u00eddice, De Christoph Willibald Gluck"},"content":{"rendered":"<p>La Secretar\u00eda de Cultura del Gobierno de M\u00e9xico y el Instituto Nacional de Bellas Artes y Literatura (INBAL), a trav\u00e9s de la Compa\u00f1\u00eda Nacional de \u00d3pera, presentar\u00e1n en la Sala Principal del Palacio de Bellas Artes una nueva producci\u00f3n de Orfeo y Eur\u00eddice, de Christoph Willibald Gluck. Despu\u00e9s de 18 a\u00f1os de su \u00faltima presentaci\u00f3n en este recinto, vuelve uno de los t\u00edtulos oper\u00edsticos m\u00e1s relevantes del cat\u00e1logo universal y la obra m\u00e1s significativa de su \u00e9poca.<\/p>\n\n\n\n<p>Las funciones se llevar\u00e1n a cabo los domingos 12 y 19 de marzo a las 17:00 horas, y martes 14 y jueves 16 de marzo a las 20:00 horas.<\/p>\n\n\n\n<p><a href=\"https:\/\/hojaderutadigital.mx\/opera-de-bellas-artes-presenta-orfeo-y-euridice-de-christoph-willibald-gluck\/\">Plus d&rsquo;informations<\/a><\/p>","protected":false},"excerpt":{"rendered":"<p>La Secretar\u00eda de Cultura del Gobierno de M\u00e9xico y el Instituto Nacional de Bellas Artes y Literatura (INBAL), a trav\u00e9s de la Compa\u00f1\u00eda Nacional de \u00d3pera, presentar\u00e1n en la Sala Principal del Palacio de Bellas Artes una nueva producci\u00f3n de Orfeo y Eur\u00eddice, de Christoph Willibald Gluck. Despu\u00e9s de 18 a\u00f1os de su \u00faltima presentaci\u00f3n [&hellip;]<\/p>\n","protected":false},"author":1,"featured_media":50,"comment_status":"open","ping_status":"open","sticky":false,"template":"","format":"standard","meta":{"_acf_changed":false,"footnotes":""},"categories":[7],"tags":[],"class_list":["post-49","post","type-post","status-publish","format-standard","has-post-thumbnail","hentry","category-news"],"acf":[],"_links":{"self":[{"href":"https:\/\/www.marianaflores.com\/es\/wp-json\/wp\/v2\/posts\/49","targetHints":{"allow":["GET"]}}],"collection":[{"href":"https:\/\/www.marianaflores.com\/es\/wp-json\/wp\/v2\/posts"}],"about":[{"href":"https:\/\/www.marianaflores.com\/es\/wp-json\/wp\/v2\/types\/post"}],"author":[{"embeddable":true,"href":"https:\/\/www.marianaflores.com\/es\/wp-json\/wp\/v2\/users\/1"}],"replies":[{"embeddable":true,"href":"https:\/\/www.marianaflores.com\/es\/wp-json\/wp\/v2\/comments?post=49"}],"version-history":[{"count":1,"href":"https:\/\/www.marianaflores.com\/es\/wp-json\/wp\/v2\/posts\/49\/revisions"}],"predecessor-version":[{"id":51,"href":"https:\/\/www.marianaflores.com\/es\/wp-json\/wp\/v2\/posts\/49\/revisions\/51"}],"wp:featuredmedia":[{"embeddable":true,"href":"https:\/\/www.marianaflores.com\/es\/wp-json\/wp\/v2\/media\/50"}],"wp:attachment":[{"href":"https:\/\/www.marianaflores.com\/es\/wp-json\/wp\/v2\/media?parent=49"}],"wp:term":[{"taxonomy":"category","embeddable":true,"href":"https:\/\/www.marianaflores.com\/es\/wp-json\/wp\/v2\/categories?post=49"},{"taxonomy":"post_tag","embeddable":true,"href":"https:\/\/www.marianaflores.com\/es\/wp-json\/wp\/v2\/tags?post=49"}],"curies":[{"name":"wp","href":"https:\/\/api.w.org\/{rel}","templated":true}]}}