{"id":46,"date":"2023-04-07T16:18:17","date_gmt":"2023-04-07T16:18:17","guid":{"rendered":"https:\/\/www.marianaflores.com\/?p=46"},"modified":"2023-05-06T12:21:13","modified_gmt":"2023-05-06T12:21:13","slug":"lorfeo-de-monteverdi-remonte-la-seine-musicale","status":"publish","type":"post","link":"https:\/\/www.marianaflores.com\/es\/lorfeo-de-monteverdi-remonte-la-seine-musicale\/","title":{"rendered":"L\u2019Orfeo de Monteverdi remonte La Seine Musicale"},"content":{"rendered":"<p>L\u2019Orfeo de Monteverdi s\u2019invite \u00e0 La Seine Musicale, accueillant le chef Leonardo Garc\u00eda Alarc\u00f3n et ses ensembles La Cappella Mediterranea et le Ch\u0153ur de chambre de Namur :<\/p>\n\n\n\n<p>Le premier chef-d&rsquo;\u0153uvre du genre est ce soir pr\u00e9sent\u00e9 en version de concert, quoiqu\u2019il y ait une volont\u00e9 de mise en espace, avec des entr\u00e9es depuis le public ou des interventions depuis le premier balcon.<\/p>\n\n\n\n<p><a href=\"https:\/\/www.olyrix.com\/articles\/production\/6691\/l-orfeo-de-monteverdi-remonte-la-seine-musicale\">Plus d&rsquo;informations<\/a><\/p>","protected":false},"excerpt":{"rendered":"<p>L\u2019Orfeo de Monteverdi s\u2019invite \u00e0 La Seine Musicale, accueillant le chef Leonardo Garc\u00eda Alarc\u00f3n et ses ensembles La Cappella Mediterranea et le Ch\u0153ur de chambre de Namur : Le premier chef-d&rsquo;\u0153uvre du genre est ce soir pr\u00e9sent\u00e9 en version de concert, quoiqu\u2019il y ait une volont\u00e9 de mise en espace, avec des entr\u00e9es depuis le [&hellip;]<\/p>\n","protected":false},"author":1,"featured_media":47,"comment_status":"open","ping_status":"open","sticky":false,"template":"","format":"standard","meta":{"_acf_changed":false,"footnotes":""},"categories":[7],"tags":[],"class_list":["post-46","post","type-post","status-publish","format-standard","has-post-thumbnail","hentry","category-news"],"acf":[],"_links":{"self":[{"href":"https:\/\/www.marianaflores.com\/es\/wp-json\/wp\/v2\/posts\/46","targetHints":{"allow":["GET"]}}],"collection":[{"href":"https:\/\/www.marianaflores.com\/es\/wp-json\/wp\/v2\/posts"}],"about":[{"href":"https:\/\/www.marianaflores.com\/es\/wp-json\/wp\/v2\/types\/post"}],"author":[{"embeddable":true,"href":"https:\/\/www.marianaflores.com\/es\/wp-json\/wp\/v2\/users\/1"}],"replies":[{"embeddable":true,"href":"https:\/\/www.marianaflores.com\/es\/wp-json\/wp\/v2\/comments?post=46"}],"version-history":[{"count":1,"href":"https:\/\/www.marianaflores.com\/es\/wp-json\/wp\/v2\/posts\/46\/revisions"}],"predecessor-version":[{"id":48,"href":"https:\/\/www.marianaflores.com\/es\/wp-json\/wp\/v2\/posts\/46\/revisions\/48"}],"wp:featuredmedia":[{"embeddable":true,"href":"https:\/\/www.marianaflores.com\/es\/wp-json\/wp\/v2\/media\/47"}],"wp:attachment":[{"href":"https:\/\/www.marianaflores.com\/es\/wp-json\/wp\/v2\/media?parent=46"}],"wp:term":[{"taxonomy":"category","embeddable":true,"href":"https:\/\/www.marianaflores.com\/es\/wp-json\/wp\/v2\/categories?post=46"},{"taxonomy":"post_tag","embeddable":true,"href":"https:\/\/www.marianaflores.com\/es\/wp-json\/wp\/v2\/tags?post=46"}],"curies":[{"name":"wp","href":"https:\/\/api.w.org\/{rel}","templated":true}]}}