{"id":376,"date":"2023-05-06T14:34:51","date_gmt":"2023-05-06T14:34:51","guid":{"rendered":"https:\/\/www.marianaflores.com\/?p=376"},"modified":"2023-05-06T14:34:51","modified_gmt":"2023-05-06T14:34:51","slug":"un-orfeo-somptueux-au-namur-concert-hall","status":"publish","type":"post","link":"https:\/\/www.marianaflores.com\/es\/un-orfeo-somptueux-au-namur-concert-hall\/","title":{"rendered":"Un Orfeo somptueux au Namur Concert Hall"},"content":{"rendered":"<p>Ce vendredi 14 avril a lieu la repr\u00e9sentation de l\u2019<em>Orfeo<\/em>&nbsp;de Claudio Monteverdi au Namur Concert Hall. Leonardo Garc\u00eda Alarc\u00f3n et son ensemble Cappella Mediterranea retrouvent le Ch\u0153ur de chambre de Namur pour interpr\u00e9ter une fois de plus ce tube de la musique baroque ensemble.<\/p>\n\n\n\n<p>C\u2019est en version de concert que nous est propos\u00e9 cette \u0153uvre.<\/p>\n\n\n\n<p>Le concert commence en fanfare avec la\u00a0<em>Toccata<\/em>\u00a0jou\u00e9e trois fois. Apr\u00e8s cette mise en bouche festive place au\u00a0<em>Prologue<\/em>. Dans ce prologue, Mariana Flores fait son apparition dans le r\u00f4le de La Musique. Elle annonce avec passion la fable d\u2019Orph\u00e9e qui va suivre ainsi que les effets de la musique sur le c\u0153ur.<\/p>\n\n\n\n<p><a href=\"https:\/\/www.crescendo-magazine.be\/un-orfeo-somptueux-au-namur-concert-hall\/\">Plus d&rsquo;informations<\/a><\/p>","protected":false},"excerpt":{"rendered":"<p>Ce vendredi 14 avril a lieu la repr\u00e9sentation de l\u2019Orfeo\u00a0de Claudio Monteverdi au Namur Concert Hall. Leonardo Garc\u00eda Alarc\u00f3n et son ensemble Cappella Mediterranea retrouvent le Ch\u0153ur de chambre de Namur pour interpr\u00e9ter une fois de plus ce tube de la musique baroque ensemble.<\/p>","protected":false},"author":1,"featured_media":377,"comment_status":"open","ping_status":"open","sticky":false,"template":"","format":"standard","meta":{"_acf_changed":false,"footnotes":""},"categories":[7],"tags":[],"class_list":["post-376","post","type-post","status-publish","format-standard","has-post-thumbnail","hentry","category-news"],"acf":[],"_links":{"self":[{"href":"https:\/\/www.marianaflores.com\/es\/wp-json\/wp\/v2\/posts\/376","targetHints":{"allow":["GET"]}}],"collection":[{"href":"https:\/\/www.marianaflores.com\/es\/wp-json\/wp\/v2\/posts"}],"about":[{"href":"https:\/\/www.marianaflores.com\/es\/wp-json\/wp\/v2\/types\/post"}],"author":[{"embeddable":true,"href":"https:\/\/www.marianaflores.com\/es\/wp-json\/wp\/v2\/users\/1"}],"replies":[{"embeddable":true,"href":"https:\/\/www.marianaflores.com\/es\/wp-json\/wp\/v2\/comments?post=376"}],"version-history":[{"count":1,"href":"https:\/\/www.marianaflores.com\/es\/wp-json\/wp\/v2\/posts\/376\/revisions"}],"predecessor-version":[{"id":378,"href":"https:\/\/www.marianaflores.com\/es\/wp-json\/wp\/v2\/posts\/376\/revisions\/378"}],"wp:featuredmedia":[{"embeddable":true,"href":"https:\/\/www.marianaflores.com\/es\/wp-json\/wp\/v2\/media\/377"}],"wp:attachment":[{"href":"https:\/\/www.marianaflores.com\/es\/wp-json\/wp\/v2\/media?parent=376"}],"wp:term":[{"taxonomy":"category","embeddable":true,"href":"https:\/\/www.marianaflores.com\/es\/wp-json\/wp\/v2\/categories?post=376"},{"taxonomy":"post_tag","embeddable":true,"href":"https:\/\/www.marianaflores.com\/es\/wp-json\/wp\/v2\/tags?post=376"}],"curies":[{"name":"wp","href":"https:\/\/api.w.org\/{rel}","templated":true}]}}