{"id":2960,"date":"2026-04-06T06:19:08","date_gmt":"2026-04-06T06:19:08","guid":{"rendered":"https:\/\/www.marianaflores.com\/?p=2960"},"modified":"2026-04-06T06:20:07","modified_gmt":"2026-04-06T06:20:07","slug":"forum-opera-garcia-alarcon-la-passione-di-gesu","status":"publish","type":"post","link":"https:\/\/www.marianaflores.com\/es\/forum-opera-garcia-alarcon-la-passione-di-gesu\/","title":{"rendered":"Forum Opera: Garc\u00eda Alarc\u00f3n, La Passione di Ges\u00f9"},"content":{"rendered":"<p><\/p>\n\n\n\n<p>Un labyrinthe o\u00f9 Borges emm\u00e8nerait Johann Sebastian Bach\u2026<\/p>\n\n\n\n<p>C\u2019est un labyrinthe, un mille-feuilles, un rendez-vous d\u2019influences, de souvenirs, un oratorio (car c\u2019en est un, aussi) parsem\u00e9 d\u2019\u00e9nigmes, c\u2019est un p\u00e9riple musical o\u00f9 Borges emm\u00e8nerait Johann Sebastian Bach, de m\u00eame que Virgile emm\u00e8ne Dante (la comparaison est de&nbsp;<strong>Leonardo Garc\u00eda Alarc\u00f3n<\/strong>&nbsp;lui-m\u00eame).<\/p>\n\n\n\n<p>Voil\u00e0 en tout cas un bel objet discographique, fruit d\u2019une prise de son (par&nbsp;<strong>Jean-Daniel Noir<\/strong>&nbsp;et&nbsp;<strong>Fabi\u00e1n Schofrin<\/strong>) faite \u00e0 la fois au Grand Man\u00e8ge de Namur et \u00e0 la Cit\u00e9 Bleue de Gen\u00e8ve et l\u2019impression est assez diff\u00e9rente de ce qu\u2019on put entendre lors de la cr\u00e9ation \u00e0 Ambronay (<a href=\"https:\/\/www.forumopera.com\/spectacle\/la-passione-di-gesu-ambronay-une-passion-heretique-pour-notre-temps\/\">suivie par Yvan Beuvard<\/a>) et des concerts du Victoria Hall de Gen\u00e8ve et de Saint-Denis. Ne serait-ce que par ce livret si soigneusement \u00e9dit\u00e9 o\u00f9 l\u2019on peut suivre le texte, et c\u2019est primordial tant la dramaturgie de cet oratorio (\u00e0 l\u2019image de ceux d\u2019Haendel) d\u00e9termine la musique.<\/p>\n\n\n\n<p><a href=\"https:\/\/www.forumopera.com\/cd-dvd-livre\/garcia-alarcon-la-passione-di-gesu\/?fbclid=IwZnRzaAQ2PeRleHRuA2FlbQIxMQBzcnRjBmFwcF9pZAo2NjI4NTY4Mzc5AAEeHRB6g0WZcX0EUEEnjnJtip9bAmfx8Ead0MkEkkn4QXHKxrjeZw4vfjykfnQ_aem_ywKYw4Hx5rXzUH-Ij1eVbg\">Plus d&rsquo;information<\/a><\/p>\n\n\n\n<p><\/p>","protected":false},"excerpt":{"rendered":"<p>On entre dans le monde du collage, et c\u2019est aussi sur un canon, scand\u00e9 par un ostinato des percussions, que les Ap\u00f4tres revivront leurs doutes et Marie sa douleur accompagn\u00e9e par le marimba ; Marie-Madeleine (superbe Mariana Flor\u00e8s) \u00e9voquera le tombeau vide sur une tonada de Mendoza emprunt\u00e9e \u00e0 Ariel Ramirez (l\u2019auteur de la Missa criolla), et sa rencontre avec le Christ sera trait\u00e9e \u00e0 la mani\u00e8re d\u2019une com\u00e9die musicale atonale, de m\u00eame que l\u2019incr\u00e9dulit\u00e9 des ap\u00f4tres, avant que ne descende l\u2019Esprit Saint sur eux dans un immense canon polyphonique sur le Dies Irae (avec une r\u00e9f\u00e9rence \u00e0 Stockhausen)<\/p>","protected":false},"author":1,"featured_media":2961,"comment_status":"open","ping_status":"open","sticky":false,"template":"","format":"standard","meta":{"_acf_changed":false,"footnotes":""},"categories":[7],"tags":[],"class_list":["post-2960","post","type-post","status-publish","format-standard","has-post-thumbnail","hentry","category-news"],"acf":[],"_links":{"self":[{"href":"https:\/\/www.marianaflores.com\/es\/wp-json\/wp\/v2\/posts\/2960","targetHints":{"allow":["GET"]}}],"collection":[{"href":"https:\/\/www.marianaflores.com\/es\/wp-json\/wp\/v2\/posts"}],"about":[{"href":"https:\/\/www.marianaflores.com\/es\/wp-json\/wp\/v2\/types\/post"}],"author":[{"embeddable":true,"href":"https:\/\/www.marianaflores.com\/es\/wp-json\/wp\/v2\/users\/1"}],"replies":[{"embeddable":true,"href":"https:\/\/www.marianaflores.com\/es\/wp-json\/wp\/v2\/comments?post=2960"}],"version-history":[{"count":1,"href":"https:\/\/www.marianaflores.com\/es\/wp-json\/wp\/v2\/posts\/2960\/revisions"}],"predecessor-version":[{"id":2962,"href":"https:\/\/www.marianaflores.com\/es\/wp-json\/wp\/v2\/posts\/2960\/revisions\/2962"}],"wp:featuredmedia":[{"embeddable":true,"href":"https:\/\/www.marianaflores.com\/es\/wp-json\/wp\/v2\/media\/2961"}],"wp:attachment":[{"href":"https:\/\/www.marianaflores.com\/es\/wp-json\/wp\/v2\/media?parent=2960"}],"wp:term":[{"taxonomy":"category","embeddable":true,"href":"https:\/\/www.marianaflores.com\/es\/wp-json\/wp\/v2\/categories?post=2960"},{"taxonomy":"post_tag","embeddable":true,"href":"https:\/\/www.marianaflores.com\/es\/wp-json\/wp\/v2\/tags?post=2960"}],"curies":[{"name":"wp","href":"https:\/\/api.w.org\/{rel}","templated":true}]}}