{"id":2775,"date":"2025-10-04T07:46:23","date_gmt":"2025-10-04T07:46:23","guid":{"rendered":"https:\/\/www.marianaflores.com\/?p=2775"},"modified":"2025-10-04T07:46:24","modified_gmt":"2025-10-04T07:46:24","slug":"olyrix-grande-pompe-pour-pompeo-magno-au-tce","status":"publish","type":"post","link":"https:\/\/www.marianaflores.com\/es\/olyrix-grande-pompe-pour-pompeo-magno-au-tce\/","title":{"rendered":"Olyrix: Grande pompe pour Pompeo Magno au TCE\u00a0"},"content":{"rendered":"<p><\/p>\n\n\n\n<p>Apr\u00e8s le Festival d\u2019op\u00e9ra baroque de Bayreuth, Pompeo Magno de Cavalli conquiert le Th\u00e9\u00e2tre des Champs-\u00c9lys\u00e9es dans sa version concert sous la gouverne de Leonardo Garc\u00eda-Alarc\u00f3n \u00e0 la t\u00eate de la Cappella Mediterranea que rejoint une brochette de solistes hauts en couleur. <\/p>\n\n\n\n<p>Assister \u00e0 un op\u00e9ra de\u00a0<a href=\"https:\/\/www.olyrix.com\/artistes\/1821\/francesco-cavalli\" target=\"_blank\" rel=\"noreferrer noopener\">Francesco Cavalli<\/a>\u00a0n\u2019est pas si fr\u00e9quent alors qu\u2019il est consid\u00e9r\u00e9 comme un digne successeur de\u00a0<a href=\"https:\/\/www.olyrix.com\/artistes\/7699\/claudio-monteverdi\" target=\"_blank\" rel=\"noreferrer noopener\">Monteverdi<\/a>\u00a0(qui fut son ma\u00eetre). Sa musique est foisonnante : r\u00e9cits vari\u00e9s, airs courts, duos, ch\u0153urs et ritournelles anim\u00e9es offrent d\u2019incessantes ruptures de tons et de rythmes, tenant l\u2019attention du public en \u00e9veil.<br><\/p>\n\n\n\n<p><a href=\"https:\/\/www.olyrix.com\/articles\/production\/8539\/pompeo-magno-cavalli-max-emanuel-cencic-opera-concert-garcia-alarcon-flores-contaldo-gonzalez-mu-hlbacher-szelazek-sicard-scott-carton-sabadus-colorado-beekman-visse-cappella-mediterranea-theatre-des-champs-elysees-1-octobre-2025-critique-compte-rendu\">Plus d&rsquo;information<\/a><\/p>\n\n\n\n<p><\/p>","protected":false},"excerpt":{"rendered":"<p>La soprano Mariana Flores, dans le r\u00f4le de la digne Issicratea, prend davantage d&rsquo;importance tant sur le plan musical que dramatique aux yeux du spectateur, avec une voix sombre et torrentielle, ma\u00eetris\u00e9e avec un contr\u00f4le et une somptuosit\u00e9 qui semblent annoncer une aptitude \u00e0 interpr\u00e9ter des r\u00f4les plus importants sur le plan lyrique.<\/p>","protected":false},"author":1,"featured_media":2740,"comment_status":"open","ping_status":"open","sticky":false,"template":"","format":"standard","meta":{"_acf_changed":false,"footnotes":""},"categories":[7],"tags":[],"class_list":["post-2775","post","type-post","status-publish","format-standard","has-post-thumbnail","hentry","category-news"],"acf":[],"_links":{"self":[{"href":"https:\/\/www.marianaflores.com\/es\/wp-json\/wp\/v2\/posts\/2775","targetHints":{"allow":["GET"]}}],"collection":[{"href":"https:\/\/www.marianaflores.com\/es\/wp-json\/wp\/v2\/posts"}],"about":[{"href":"https:\/\/www.marianaflores.com\/es\/wp-json\/wp\/v2\/types\/post"}],"author":[{"embeddable":true,"href":"https:\/\/www.marianaflores.com\/es\/wp-json\/wp\/v2\/users\/1"}],"replies":[{"embeddable":true,"href":"https:\/\/www.marianaflores.com\/es\/wp-json\/wp\/v2\/comments?post=2775"}],"version-history":[{"count":1,"href":"https:\/\/www.marianaflores.com\/es\/wp-json\/wp\/v2\/posts\/2775\/revisions"}],"predecessor-version":[{"id":2776,"href":"https:\/\/www.marianaflores.com\/es\/wp-json\/wp\/v2\/posts\/2775\/revisions\/2776"}],"wp:featuredmedia":[{"embeddable":true,"href":"https:\/\/www.marianaflores.com\/es\/wp-json\/wp\/v2\/media\/2740"}],"wp:attachment":[{"href":"https:\/\/www.marianaflores.com\/es\/wp-json\/wp\/v2\/media?parent=2775"}],"wp:term":[{"taxonomy":"category","embeddable":true,"href":"https:\/\/www.marianaflores.com\/es\/wp-json\/wp\/v2\/categories?post=2775"},{"taxonomy":"post_tag","embeddable":true,"href":"https:\/\/www.marianaflores.com\/es\/wp-json\/wp\/v2\/tags?post=2775"}],"curies":[{"name":"wp","href":"https:\/\/api.w.org\/{rel}","templated":true}]}}