{"id":2769,"date":"2025-09-24T07:32:03","date_gmt":"2025-09-24T07:32:03","guid":{"rendered":"https:\/\/www.marianaflores.com\/?p=2769"},"modified":"2025-09-24T07:32:03","modified_gmt":"2025-09-24T07:32:03","slug":"anaclase-le-donne-di-cavalli-par-mariana-flores","status":"publish","type":"post","link":"https:\/\/www.marianaflores.com\/es\/anaclase-le-donne-di-cavalli-par-mariana-flores\/","title":{"rendered":"Anaclase: Le donne di Cavalli par Mariana Flores"},"content":{"rendered":"\n<p><\/p>\n\n\n\n<p>Apr\u00e8s\u00a0<em>Acis and Galatea<\/em>\u00a0hier, nous retrouvons la Cappella Mediterranea et son fondateur Leonardo Garc\u00eda-Alarc\u00f3n pour un programme imagin\u00e9 autour de Francesco Cavalli (1602-1676). P\u00e8re de l\u2019op\u00e9ra v\u00e9nitien, Cavalli est un compositeur que le chef argentin et son ensemble servent r\u00e9guli\u00e8rement : on se souvient des r\u00e9surrections d\u2019<em>Elena<\/em>\u00a0puis d\u2019<em>Erismena<\/em>\u00a0[lire nos chroniques du\u00a0<a href=\"https:\/\/www.anaclase.com\/chroniques\/elena-h%C3%A9l%C3%A8ne\" target=\"_blank\" rel=\"noreferrer noopener\">9 juillet 2013<\/a>\u00a0et du\u00a0<a href=\"https:\/\/www.anaclase.com\/chroniques\/erismena-%C3%A9rism%C3%A8ne\" target=\"_blank\" rel=\"noreferrer noopener\">9 juillet 2017<\/a>]. Sans \u00eatre exhaustif, on n\u2019oublie pas non plus les repr\u00e9sentations parisiennes d\u2019<em>Eliogabalo<\/em>\u00a0o\u00f9 ces musiciens jouaient en fosse au Palais Garnier [lire\u00a0<a href=\"https:\/\/www.anaclase.com\/chroniques\/eliogabalo-h%C3%A9liogabale\" target=\"_blank\" rel=\"noreferrer noopener\">notre chronique<\/a>\u00a0du 16 septembre 2016].<br><\/p>\n\n\n\n<p><a href=\"https:\/\/www.anaclase.com\/chroniques\/le-donne-di-cavalli-par-mariana-flores\">Plus d&rsquo;information<\/a><\/p>\n\n\n\n<p><\/p>\n","protected":false},"excerpt":{"rendered":"<p>Encha\u00een\u00e9s, les passages sont chant\u00e9s par le soprano Mariana Flores, \u00e0 la jolie ligne musicale et aux aigus cristallins, capable \u00e9galement de puissance pour certaines notes.<\/p>","protected":false},"author":1,"featured_media":2770,"comment_status":"open","ping_status":"open","sticky":false,"template":"","format":"standard","meta":{"_acf_changed":false,"footnotes":""},"categories":[7],"tags":[],"class_list":["post-2769","post","type-post","status-publish","format-standard","has-post-thumbnail","hentry","category-news"],"acf":[],"_links":{"self":[{"href":"https:\/\/www.marianaflores.com\/es\/wp-json\/wp\/v2\/posts\/2769","targetHints":{"allow":["GET"]}}],"collection":[{"href":"https:\/\/www.marianaflores.com\/es\/wp-json\/wp\/v2\/posts"}],"about":[{"href":"https:\/\/www.marianaflores.com\/es\/wp-json\/wp\/v2\/types\/post"}],"author":[{"embeddable":true,"href":"https:\/\/www.marianaflores.com\/es\/wp-json\/wp\/v2\/users\/1"}],"replies":[{"embeddable":true,"href":"https:\/\/www.marianaflores.com\/es\/wp-json\/wp\/v2\/comments?post=2769"}],"version-history":[{"count":1,"href":"https:\/\/www.marianaflores.com\/es\/wp-json\/wp\/v2\/posts\/2769\/revisions"}],"predecessor-version":[{"id":2771,"href":"https:\/\/www.marianaflores.com\/es\/wp-json\/wp\/v2\/posts\/2769\/revisions\/2771"}],"wp:featuredmedia":[{"embeddable":true,"href":"https:\/\/www.marianaflores.com\/es\/wp-json\/wp\/v2\/media\/2770"}],"wp:attachment":[{"href":"https:\/\/www.marianaflores.com\/es\/wp-json\/wp\/v2\/media?parent=2769"}],"wp:term":[{"taxonomy":"category","embeddable":true,"href":"https:\/\/www.marianaflores.com\/es\/wp-json\/wp\/v2\/categories?post=2769"},{"taxonomy":"post_tag","embeddable":true,"href":"https:\/\/www.marianaflores.com\/es\/wp-json\/wp\/v2\/tags?post=2769"}],"curies":[{"name":"wp","href":"https:\/\/api.w.org\/{rel}","templated":true}]}}