{"id":2654,"date":"2025-09-12T18:34:35","date_gmt":"2025-09-12T18:34:35","guid":{"rendered":"https:\/\/www.marianaflores.com\/?p=2654"},"modified":"2025-09-12T18:34:45","modified_gmt":"2025-09-12T18:34:45","slug":"wein-weib-und-gesang-pompeo-magno-bei-bayreuth-baroque","status":"publish","type":"post","link":"https:\/\/www.marianaflores.com\/es\/wein-weib-und-gesang-pompeo-magno-bei-bayreuth-baroque\/","title":{"rendered":"Wein, Weib (?) und Gesang: \u201ePompeo Magno\u201c bei Bayreuth Baroque"},"content":{"rendered":"<p><em>Jeder Cent des Budgets ist zu sehen und zu h\u00f6ren: Das Festival Bayreuth Baroque feiert eine glanzvolle Vollgas-Premiere mit Cavallis \u201ePompeo Magno\u201c.<\/em>kend.<\/p>\n\n\n\n<p>Es muss nicht immer H\u00e4ndel sein! Selbst wenn einem die Spielpl\u00e4ne der Bayerischen Staatstheater anderes suggerieren, wo der Sachse die neue Spielzeit \u00e4hnlich dominiert wie die vergangene. Umso mehr lohnt sich ein Abstecher zu Bayreuth Baroque. Im Markgr\u00e4flichen Opernhaus gilt die Ausgrabung des Festspiel-Sommers diesmal Francesco Cavallis \u201ePompeo Magno\u201c. Einer vor musikalischen Ideen nur so berstenden Karnevals-Oper, f\u00fcr die sich Dirigent Leonardo Garc\u00eda-Alarc\u00f3n \u00e4hnlich leidenschaftlich einsetzt wie Bayreuths amtierender Sonnenk\u00f6nig Max Emanuel Cencic.<\/p>\n\n\n\n<p><a href=\"https:\/\/www.tz.de\/muenchen\/kultur\/pompeo-magno-cavalli-bayreuth-baroque-premiere-kritik-cencic-zr-93919302.html\">Plus d&rsquo;information<\/a><\/p>\n\n\n\n<p><\/p>","protected":false},"excerpt":{"rendered":"<p>Angefangen bei den Sopranistinnen Mariana Flores und Sophie Junker, die sich mit ihren virtuosen Verzierungen gegenseitig \u00fcberbieten.<\/p>","protected":false},"author":1,"featured_media":2655,"comment_status":"open","ping_status":"open","sticky":false,"template":"","format":"standard","meta":{"_acf_changed":false,"footnotes":""},"categories":[7],"tags":[],"class_list":["post-2654","post","type-post","status-publish","format-standard","has-post-thumbnail","hentry","category-news"],"acf":[],"_links":{"self":[{"href":"https:\/\/www.marianaflores.com\/es\/wp-json\/wp\/v2\/posts\/2654","targetHints":{"allow":["GET"]}}],"collection":[{"href":"https:\/\/www.marianaflores.com\/es\/wp-json\/wp\/v2\/posts"}],"about":[{"href":"https:\/\/www.marianaflores.com\/es\/wp-json\/wp\/v2\/types\/post"}],"author":[{"embeddable":true,"href":"https:\/\/www.marianaflores.com\/es\/wp-json\/wp\/v2\/users\/1"}],"replies":[{"embeddable":true,"href":"https:\/\/www.marianaflores.com\/es\/wp-json\/wp\/v2\/comments?post=2654"}],"version-history":[{"count":1,"href":"https:\/\/www.marianaflores.com\/es\/wp-json\/wp\/v2\/posts\/2654\/revisions"}],"predecessor-version":[{"id":2656,"href":"https:\/\/www.marianaflores.com\/es\/wp-json\/wp\/v2\/posts\/2654\/revisions\/2656"}],"wp:featuredmedia":[{"embeddable":true,"href":"https:\/\/www.marianaflores.com\/es\/wp-json\/wp\/v2\/media\/2655"}],"wp:attachment":[{"href":"https:\/\/www.marianaflores.com\/es\/wp-json\/wp\/v2\/media?parent=2654"}],"wp:term":[{"taxonomy":"category","embeddable":true,"href":"https:\/\/www.marianaflores.com\/es\/wp-json\/wp\/v2\/categories?post=2654"},{"taxonomy":"post_tag","embeddable":true,"href":"https:\/\/www.marianaflores.com\/es\/wp-json\/wp\/v2\/tags?post=2654"}],"curies":[{"name":"wp","href":"https:\/\/api.w.org\/{rel}","templated":true}]}}