{"id":2626,"date":"2025-07-09T16:46:23","date_gmt":"2025-07-09T16:46:23","guid":{"rendered":"https:\/\/www.marianaflores.com\/?p=2626"},"modified":"2025-07-09T16:47:06","modified_gmt":"2025-07-09T16:47:06","slug":"lincoronazione-di-poppea-au-festival-de-lanaudiere-amoral-et-delicieux","status":"publish","type":"post","link":"https:\/\/www.marianaflores.com\/es\/lincoronazione-di-poppea-au-festival-de-lanaudiere-amoral-et-delicieux\/","title":{"rendered":"L\u2019incoronazione di Poppea au Festival de Lanaudi\u00e8re : Amoral et d\u00e9licieux"},"content":{"rendered":"<p>Pour son \u00e9dition 2025, le Festival de Lanaudi\u00e8re offre \u00e0 son public la chance d\u2019assister non pas \u00e0 un, mais \u00e0 deux concerts de la Cappella Mediterranea, l\u2019ensemble baroque internationalement r\u00e9put\u00e9 du chef argentin Leonardo Garc\u00eda Alarc\u00f3n. C\u2019est \u00e0 sa version de concert de l\u2019ultime op\u00e9ra de Monteverdi,&nbsp;<em>L\u2019incoronazione di Poppea<\/em>&nbsp;(1642), que j\u2019ai assist\u00e9 le 6&nbsp;juillet dernier; les spectateur\u00b7trices enthousiastes auront pu renouveler l\u2019exp\u00e9rience de l\u2019ensemble lors de son concert \u00ab&nbsp;Monteverdi et les sept p\u00e9ch\u00e9s capitaux&nbsp;\u00bb, deux jours plus tard. Soulignons un al\u00e9a de la vie d\u2019interpr\u00e8te qui a fait le plus grand bonheur des festivalier\u00b7\u00e8res ce dimanche apr\u00e8s-midi, soit le remplacement \u00e0 pied lev\u00e9 de l\u2019un des violonistes de l\u2019ensemble, aux prises avec une tendinite, par la Qu\u00e9b\u00e9coise Pascale Gigu\u00e8re, notamment connue comme premier violon solo des Violons du Roy.<\/p>\n\n\n\n<p>C\u2019est une histoire bien amorale que celle du&nbsp;<em>Couronnement de Popp\u00e9e<\/em>. N\u00e9ron (Nicol\u00f3 Balducci) entretient une relation de concubinage avec Popp\u00e9e (Sophie Junker) et souhaite r\u00e9pudier son \u00e9pouse, l\u2019imp\u00e9ratrice Octavie (Mariana Flores), afin de pouvoir vivre son amour au grand jour.&nbsp;<\/p>\n\n\n\n<p><a href=\"https:\/\/www.revuelopera.quebec\/critiques\/2025\/07\/critique-lincoronazione-di-poppea-au-festival-de-lanaudiere-amoral-et-delicieux\">Plus d&rsquo;information<\/a><\/p>\n\n\n\n<p><\/p>","protected":false},"excerpt":{"rendered":"<p>la soprano argentine Mariana Flores aura d\u2019ailleurs \u00e9t\u00e9 imp\u00e9riale du d\u00e9but \u00e0 la fin<\/p>","protected":false},"author":1,"featured_media":2622,"comment_status":"open","ping_status":"open","sticky":false,"template":"","format":"standard","meta":{"_acf_changed":false,"footnotes":""},"categories":[7],"tags":[],"class_list":["post-2626","post","type-post","status-publish","format-standard","has-post-thumbnail","hentry","category-news"],"acf":[],"_links":{"self":[{"href":"https:\/\/www.marianaflores.com\/es\/wp-json\/wp\/v2\/posts\/2626","targetHints":{"allow":["GET"]}}],"collection":[{"href":"https:\/\/www.marianaflores.com\/es\/wp-json\/wp\/v2\/posts"}],"about":[{"href":"https:\/\/www.marianaflores.com\/es\/wp-json\/wp\/v2\/types\/post"}],"author":[{"embeddable":true,"href":"https:\/\/www.marianaflores.com\/es\/wp-json\/wp\/v2\/users\/1"}],"replies":[{"embeddable":true,"href":"https:\/\/www.marianaflores.com\/es\/wp-json\/wp\/v2\/comments?post=2626"}],"version-history":[{"count":2,"href":"https:\/\/www.marianaflores.com\/es\/wp-json\/wp\/v2\/posts\/2626\/revisions"}],"predecessor-version":[{"id":2628,"href":"https:\/\/www.marianaflores.com\/es\/wp-json\/wp\/v2\/posts\/2626\/revisions\/2628"}],"wp:featuredmedia":[{"embeddable":true,"href":"https:\/\/www.marianaflores.com\/es\/wp-json\/wp\/v2\/media\/2622"}],"wp:attachment":[{"href":"https:\/\/www.marianaflores.com\/es\/wp-json\/wp\/v2\/media?parent=2626"}],"wp:term":[{"taxonomy":"category","embeddable":true,"href":"https:\/\/www.marianaflores.com\/es\/wp-json\/wp\/v2\/categories?post=2626"},{"taxonomy":"post_tag","embeddable":true,"href":"https:\/\/www.marianaflores.com\/es\/wp-json\/wp\/v2\/tags?post=2626"}],"curies":[{"name":"wp","href":"https:\/\/api.w.org\/{rel}","templated":true}]}}