{"id":2615,"date":"2025-07-07T16:06:54","date_gmt":"2025-07-07T16:06:54","guid":{"rendered":"https:\/\/www.marianaflores.com\/?p=2615"},"modified":"2025-07-07T16:06:55","modified_gmt":"2025-07-07T16:06:55","slug":"een-kroon-van-klank-monteverdis-poppea-in-volle-glans-in-namen","status":"publish","type":"post","link":"https:\/\/www.marianaflores.com\/es\/een-kroon-van-klank-monteverdis-poppea-in-volle-glans-in-namen\/","title":{"rendered":"Een kroon van klank: Monteverdi\u2019s Poppea in volle glans in Namen"},"content":{"rendered":"<p>Op 4 juli 2025 bracht het ensemble&nbsp;<strong>Cappella Mediterranea<\/strong>&nbsp;onder leiding van&nbsp;<strong>Leonardo Garc\u00eda-Alarc\u00f3n<\/strong>&nbsp;een concertante uitvoering van&nbsp;<a href=\"https:\/\/www.klassiekindekapel.be\/over-klassieke-muziek\/klassieke-meesterwerken\/lincoronazione-di-poppea\/\" target=\"_blank\" rel=\"noreferrer noopener\">L\u2019incoronazione di Poppea<\/a>&nbsp;in de&nbsp;<a href=\"https:\/\/grandmanege.be\/fr\" target=\"_blank\" rel=\"noreferrer noopener\">Grand Man\u00e8ge in Namen<\/a>. De avond groeide uit tot een meesterlijke vertolking van Monteverdi\u2019s laatste opera, waarbij de muziek volledig centraal stond en de dramatische kracht van het werk ongehinderd tot haar recht kon komen.<\/p>\n\n\n\n<p>Garc\u00eda-Alarc\u00f3n, die in de Grand Man\u00e8ge haast als een huisdirigent beschouwd mag worden, leidde zijn musici met zijn gebruikelijke brio en een uitgesproken gevoel voor spanning en kleur. Zijn benadering is steeds doordrenkt van een diep begrip voor de dramatische opbouw en de retoriek van de barokmuziek. Onder zijn leiding klonk het continuo niet als begeleiding, maar als een organisch kloppend hart, dat het hele drama ritmisch en harmonisch voortstuwde. Cappella Mediterranea bewees opnieuw tot de wereldtop van de historische uitvoeringspraktijk te behoren. De rijkdom aan klank, het raffinement in frasering en het aanstekelijke spelplezier zorgden voor een bezielde en tegelijk perfect gecontroleerde uitvoering.<\/p>\n\n\n\n<p><a href=\"https:\/\/klassiek-centraal.be\/een-kroon-van-klank-monteverdis-poppea-in-volle-glans-in-namen\/\">Plus d&rsquo;information<\/a><\/p>\n\n\n\n<p><\/p>","protected":false},"excerpt":{"rendered":"<p>Mariana Flores, in het verleden al vaak te horen in producties van Garc\u00eda-Alarc\u00f3n, gaf aan de verstoten keizerin Ottavia een mengeling van waardigheid, bitterheid en emotionele kwetsbaarheid mee. Haar stem kleurde haar emoties subtiel, zonder effectbejag.<\/p>","protected":false},"author":1,"featured_media":2616,"comment_status":"open","ping_status":"open","sticky":false,"template":"","format":"standard","meta":{"_acf_changed":false,"footnotes":""},"categories":[7],"tags":[],"class_list":["post-2615","post","type-post","status-publish","format-standard","has-post-thumbnail","hentry","category-news"],"acf":[],"_links":{"self":[{"href":"https:\/\/www.marianaflores.com\/es\/wp-json\/wp\/v2\/posts\/2615","targetHints":{"allow":["GET"]}}],"collection":[{"href":"https:\/\/www.marianaflores.com\/es\/wp-json\/wp\/v2\/posts"}],"about":[{"href":"https:\/\/www.marianaflores.com\/es\/wp-json\/wp\/v2\/types\/post"}],"author":[{"embeddable":true,"href":"https:\/\/www.marianaflores.com\/es\/wp-json\/wp\/v2\/users\/1"}],"replies":[{"embeddable":true,"href":"https:\/\/www.marianaflores.com\/es\/wp-json\/wp\/v2\/comments?post=2615"}],"version-history":[{"count":1,"href":"https:\/\/www.marianaflores.com\/es\/wp-json\/wp\/v2\/posts\/2615\/revisions"}],"predecessor-version":[{"id":2617,"href":"https:\/\/www.marianaflores.com\/es\/wp-json\/wp\/v2\/posts\/2615\/revisions\/2617"}],"wp:featuredmedia":[{"embeddable":true,"href":"https:\/\/www.marianaflores.com\/es\/wp-json\/wp\/v2\/media\/2616"}],"wp:attachment":[{"href":"https:\/\/www.marianaflores.com\/es\/wp-json\/wp\/v2\/media?parent=2615"}],"wp:term":[{"taxonomy":"category","embeddable":true,"href":"https:\/\/www.marianaflores.com\/es\/wp-json\/wp\/v2\/categories?post=2615"},{"taxonomy":"post_tag","embeddable":true,"href":"https:\/\/www.marianaflores.com\/es\/wp-json\/wp\/v2\/tags?post=2615"}],"curies":[{"name":"wp","href":"https:\/\/api.w.org\/{rel}","templated":true}]}}