{"id":2484,"date":"2025-02-24T22:34:26","date_gmt":"2025-02-24T22:34:26","guid":{"rendered":"https:\/\/www.marianaflores.com\/?p=2484"},"modified":"2025-02-24T22:34:29","modified_gmt":"2025-02-24T22:34:29","slug":"scherzo-un-orfeo-de-monteverdi-en-carne-y-hueso","status":"publish","type":"post","link":"https:\/\/www.marianaflores.com\/es\/scherzo-un-orfeo-de-monteverdi-en-carne-y-hueso\/","title":{"rendered":"Scherzo: Un \u2018Orfeo\u2019 de Monteverdi en carne y hueso"},"content":{"rendered":"<p><em>Orfeo<\/em>, la \u201cfavola in musica\u201d que Monteverdi da a conocer en Mantua en 1607, ha recalado en el Palau de Les Arts cuatro siglos despu\u00e9s en una visi\u00f3n de alta inclinaci\u00f3n dram\u00e1tica y finas calidades musicales. Semi-escenificada y despose\u00edda de veleidades historicistas. Empe\u00f1ada en fascinar y convertir sus mitol\u00f3gicos protagonistas, basados en\u00a0<em>Euridice<\/em>, de Ottavio Rinuccini, en seres de carne y hueso. Como usted y yo. Responsable \u00faltimo de tan particular pero certera visi\u00f3n ha sido el director y organista argentino Leonardo Garc\u00eda Alarc\u00f3n (1976), quien se ha rodeado de un convincente elenco vocal, los mimbres sobresalientes de la Cappella Mediterranea (conjunto fundado por \u00e9l mismo, en 2005) y el Coro de C\u00e1mara de Namur.<\/p>\n\n\n\n<p><a href=\"https:\/\/scherzo.es\/valencia-un-orfeo-de-monteverdi-en-carne-y-hueso\/\">Plus d&rsquo;information<\/a><\/p>\n\n\n\n<p><\/p>","protected":false},"excerpt":{"rendered":"<p>En el abultado apartado vocal, destacaron todos. Especialmente el c\u00e1lido y \u201cverista\u201d Orfeo de Contaldo; la Euridice de la soprano argentina Mariana Flores; <\/p>","protected":false},"author":1,"featured_media":2486,"comment_status":"open","ping_status":"open","sticky":false,"template":"","format":"standard","meta":{"_acf_changed":false,"footnotes":""},"categories":[7],"tags":[],"class_list":["post-2484","post","type-post","status-publish","format-standard","has-post-thumbnail","hentry","category-news"],"acf":[],"_links":{"self":[{"href":"https:\/\/www.marianaflores.com\/es\/wp-json\/wp\/v2\/posts\/2484","targetHints":{"allow":["GET"]}}],"collection":[{"href":"https:\/\/www.marianaflores.com\/es\/wp-json\/wp\/v2\/posts"}],"about":[{"href":"https:\/\/www.marianaflores.com\/es\/wp-json\/wp\/v2\/types\/post"}],"author":[{"embeddable":true,"href":"https:\/\/www.marianaflores.com\/es\/wp-json\/wp\/v2\/users\/1"}],"replies":[{"embeddable":true,"href":"https:\/\/www.marianaflores.com\/es\/wp-json\/wp\/v2\/comments?post=2484"}],"version-history":[{"count":1,"href":"https:\/\/www.marianaflores.com\/es\/wp-json\/wp\/v2\/posts\/2484\/revisions"}],"predecessor-version":[{"id":2487,"href":"https:\/\/www.marianaflores.com\/es\/wp-json\/wp\/v2\/posts\/2484\/revisions\/2487"}],"wp:featuredmedia":[{"embeddable":true,"href":"https:\/\/www.marianaflores.com\/es\/wp-json\/wp\/v2\/media\/2486"}],"wp:attachment":[{"href":"https:\/\/www.marianaflores.com\/es\/wp-json\/wp\/v2\/media?parent=2484"}],"wp:term":[{"taxonomy":"category","embeddable":true,"href":"https:\/\/www.marianaflores.com\/es\/wp-json\/wp\/v2\/categories?post=2484"},{"taxonomy":"post_tag","embeddable":true,"href":"https:\/\/www.marianaflores.com\/es\/wp-json\/wp\/v2\/tags?post=2484"}],"curies":[{"name":"wp","href":"https:\/\/api.w.org\/{rel}","templated":true}]}}