{"id":2479,"date":"2025-02-24T22:32:17","date_gmt":"2025-02-24T22:32:17","guid":{"rendered":"https:\/\/www.marianaflores.com\/?p=2479"},"modified":"2025-02-24T22:32:19","modified_gmt":"2025-02-24T22:32:19","slug":"opera-actual-un-orfeo-de-espiritu-dionisiaco","status":"publish","type":"post","link":"https:\/\/www.marianaflores.com\/es\/opera-actual-un-orfeo-de-espiritu-dionisiaco\/","title":{"rendered":"\u00d3pera Actual: Un Orfeo de esp\u00edritu dionis\u00edaco"},"content":{"rendered":"<p>Aunque se sabe\u00a0desde hace d\u00e9cadas que hay ejemplos anteriores a\u00a0<em>L\u2019Orfeo<\/em>\u00a0que inaugurar\u00edan el g\u00e9nero oper\u00edstico, lo cierto es que esta obra sigue manteniendo su estatus inaugural de una historia de m\u00e1s de 400 a\u00f1os, al menos en el imaginario colectivo. Por primera vez, esta \u00f3pera de Monteverdi se escuchaba en el\u00a0<a href=\"https:\/\/www.lesarts.com\/es\/lorfeo-version-semiescenificada-barroc\/?gad_source=1&amp;gclid=CjwKCAiAn9a9BhBtEiwAbKg6fniE2a104qlApQf5M11APApz5lZ1NNsmm1yVMvmzgEuvMIwJIBrKUxoCzS0QAvD_BwE\">Palau de Les Arts<\/a>\u00a0(ver previa\u00a0<a href=\"https:\/\/www.operaactual.com\/noticia\/les-arts-estrena-lorfeo-de-monteverdi-con-leonardo-garcia-alarcon\/\">en este enlace<\/a>), un teatro que con su arquitectura reclama la modernidad y pervivencia del g\u00e9nero; la interpretaci\u00f3n de esta \u00f3pera en este escenario gener\u00f3 la imagen de un\u00a0<em>alfa<\/em>\u00a0eterno interpretado en un\u00a0<em>omega<\/em>\u00a0temporal. La versi\u00f3n, dirigida por\u00a0<strong>Leonardo Garc\u00eda-Alarc\u00f3n<\/strong>, era en concierto, pero semiescenificada, a saber, la disposici\u00f3n del coro en semic\u00edrculo a la manera de una\u00a0<em>orchestra<\/em>\u00a0de un teatro romano y el movimiento actoral de los cantantes delante de los instrumentistas crearon una ilusi\u00f3n teatral acompa\u00f1ada de una sencilla pero efectiva iluminaci\u00f3n. Adem\u00e1s, eventualmente, se utiliz\u00f3 el resto de la sala; por ejemplo, en la fanfarria inicial la percusi\u00f3n y los metales entraron por el patio de butacas, algo que se repiti\u00f3 en distintas ocasiones, como en la aparici\u00f3n de Caronte. Pero en este espect\u00e1culo no solo los cantantes actuaron, sino que incluso bail\u00f3 (excelentemente) el primer viol\u00edn,\u00a0<strong>Yves Ytier<\/strong>, quien alternando el baile con su interpretaci\u00f3n&#8230;<\/p>\n\n\n\n<p><a href=\"https:\/\/www.operaactual.com\/critica\/un-orfeo-de-espiritu-dionisiaco\/\">Plus d&rsquo;information<\/a><\/p>\n\n\n\n<p><\/p>","protected":false},"excerpt":{"rendered":"<p>Mariana Flores encarn\u00f3 a La M\u00fasica y a Euridice ofreciendo dos retratos bien separados: una Euridice et\u00e9rea, casi espiritual, y una M\u00fasica carnal, m\u00e1s humana que divina.<\/p>","protected":false},"author":1,"featured_media":2481,"comment_status":"open","ping_status":"open","sticky":false,"template":"","format":"standard","meta":{"_acf_changed":false,"footnotes":""},"categories":[7],"tags":[],"class_list":["post-2479","post","type-post","status-publish","format-standard","has-post-thumbnail","hentry","category-news"],"acf":[],"_links":{"self":[{"href":"https:\/\/www.marianaflores.com\/es\/wp-json\/wp\/v2\/posts\/2479","targetHints":{"allow":["GET"]}}],"collection":[{"href":"https:\/\/www.marianaflores.com\/es\/wp-json\/wp\/v2\/posts"}],"about":[{"href":"https:\/\/www.marianaflores.com\/es\/wp-json\/wp\/v2\/types\/post"}],"author":[{"embeddable":true,"href":"https:\/\/www.marianaflores.com\/es\/wp-json\/wp\/v2\/users\/1"}],"replies":[{"embeddable":true,"href":"https:\/\/www.marianaflores.com\/es\/wp-json\/wp\/v2\/comments?post=2479"}],"version-history":[{"count":1,"href":"https:\/\/www.marianaflores.com\/es\/wp-json\/wp\/v2\/posts\/2479\/revisions"}],"predecessor-version":[{"id":2482,"href":"https:\/\/www.marianaflores.com\/es\/wp-json\/wp\/v2\/posts\/2479\/revisions\/2482"}],"wp:featuredmedia":[{"embeddable":true,"href":"https:\/\/www.marianaflores.com\/es\/wp-json\/wp\/v2\/media\/2481"}],"wp:attachment":[{"href":"https:\/\/www.marianaflores.com\/es\/wp-json\/wp\/v2\/media?parent=2479"}],"wp:term":[{"taxonomy":"category","embeddable":true,"href":"https:\/\/www.marianaflores.com\/es\/wp-json\/wp\/v2\/categories?post=2479"},{"taxonomy":"post_tag","embeddable":true,"href":"https:\/\/www.marianaflores.com\/es\/wp-json\/wp\/v2\/tags?post=2479"}],"curies":[{"name":"wp","href":"https:\/\/api.w.org\/{rel}","templated":true}]}}