{"id":2469,"date":"2025-02-11T12:14:25","date_gmt":"2025-02-11T12:14:25","guid":{"rendered":"https:\/\/www.marianaflores.com\/?p=2469"},"modified":"2025-02-11T12:15:47","modified_gmt":"2025-02-11T12:15:47","slug":"opera-magazine-amour-a-mort-a-nancy","status":"publish","type":"post","link":"https:\/\/www.marianaflores.com\/es\/opera-magazine-amour-a-mort-a-nancy\/","title":{"rendered":"Op\u00e9ra Magazine: Amour \u00e0 mort \u00e0 Nancy"},"content":{"rendered":"<p>Cr\u00e9\u00e9 \u00e0 la Cit\u00e9 bleue de Gen\u00e8ve en mai dernier, Amour \u00e0 mort est un montage original qui prend pour base Il combattimento di Tancredi e Clorinda de Monteverdi, pour tisser une plus vaste narration d\u00e9clinant le couple Eros\/Thanatos autour de la J\u00e9rusalem d\u00e9livr\u00e9e du Tasse. R\u00e9unissant quatre com\u00e9diens, cinq chanteurs et quelques musiciens de la Cappella Mediterranea, ce spectacle est la troisi\u00e8me collaboration entre Leonardo Garc\u00eda Alarc\u00f3n et Jean-Yves Ruf, apr\u00e8s le succ\u00e8s d\u2019Elena de Cavalli et de La finta pazza de Sacrati.<\/p>\n\n\n\n<p>Le madrigal de Monteverdi, d\u00e9crivant l\u2019amour-passion entre le paladin chr\u00e9tien et la belle Sarrasine guerri\u00e8re \u2013\u00a0qui ne peut se r\u00e9soudre que par la mort de l\u2019h\u00e9ro\u00efne apr\u00e8s un terrible combat, non sans qu\u2019elle ait demand\u00e9 \u00e0 son vainqueur de la baptiser \u00e0 l\u2019article de la mort\u00a0\u2013 constitue bien l\u2019\u00e9pine dorsale du projet. Mais s\u2019y agr\u00e8gent bien d\u2019autres musiques\u00a0: des Monteverdi, profanes ou religieux, des madrigaux de contemporains (Francesco\u00a0Neri, Luca Marenzio, Sigismondo d\u2019India), mais aussi du Guillaume Dufay, et m\u00eame du Jean-S\u00e9bastien\u00a0Bach\u2009! Pour les textes aussi, chant\u00e9s ou dits, on convoque, certes, essentiellement le Tasse, mais \u00e9galement&#8230;<\/p>\n\n\n\n<p><a href=\"https:\/\/operamag.com\/exclusif-abonnes\/amour-a-mort-a-nancy\/\">Plus d&rsquo;information<\/a><\/p>\n\n\n\n<p><\/p>","protected":false},"excerpt":{"rendered":"<p>La basse sonore d\u2019Andreas Wolf<br \/>\nimpressionne toujours par sa chaleur et sa beaut\u00e9<br \/>\nde timbre, m\u00eame si son Tancr\u00e8de, qui sollicite<br \/>\nbeaucoup l\u2019aigu, montre parfois un peu de raideur.<br \/>\n\u00c0 l\u2019inverse, Mariana Flores \u00e9merveille par sa vari\u00e9t\u00e9<br \/>\nd\u2019accent, caressante dans l\u2019attaque de \u00ab Si dolce \u00e8<br \/>\nil tormento \u00bb \u2013 rapidement d\u00e9velopp\u00e9 en<br \/>\nmadrigal \u2013 et particuli\u00e8rement \u00e9mouvante dans les<br \/>\nderni\u00e8res paroles de Clorinde \u00ab S\u2019apre il ciel ; io<br \/>\nvado in pace \u00bb<\/p>","protected":false},"author":1,"featured_media":2471,"comment_status":"open","ping_status":"open","sticky":false,"template":"","format":"standard","meta":{"_acf_changed":false,"footnotes":""},"categories":[7],"tags":[],"class_list":["post-2469","post","type-post","status-publish","format-standard","has-post-thumbnail","hentry","category-news"],"acf":[],"_links":{"self":[{"href":"https:\/\/www.marianaflores.com\/es\/wp-json\/wp\/v2\/posts\/2469","targetHints":{"allow":["GET"]}}],"collection":[{"href":"https:\/\/www.marianaflores.com\/es\/wp-json\/wp\/v2\/posts"}],"about":[{"href":"https:\/\/www.marianaflores.com\/es\/wp-json\/wp\/v2\/types\/post"}],"author":[{"embeddable":true,"href":"https:\/\/www.marianaflores.com\/es\/wp-json\/wp\/v2\/users\/1"}],"replies":[{"embeddable":true,"href":"https:\/\/www.marianaflores.com\/es\/wp-json\/wp\/v2\/comments?post=2469"}],"version-history":[{"count":1,"href":"https:\/\/www.marianaflores.com\/es\/wp-json\/wp\/v2\/posts\/2469\/revisions"}],"predecessor-version":[{"id":2470,"href":"https:\/\/www.marianaflores.com\/es\/wp-json\/wp\/v2\/posts\/2469\/revisions\/2470"}],"wp:featuredmedia":[{"embeddable":true,"href":"https:\/\/www.marianaflores.com\/es\/wp-json\/wp\/v2\/media\/2471"}],"wp:attachment":[{"href":"https:\/\/www.marianaflores.com\/es\/wp-json\/wp\/v2\/media?parent=2469"}],"wp:term":[{"taxonomy":"category","embeddable":true,"href":"https:\/\/www.marianaflores.com\/es\/wp-json\/wp\/v2\/categories?post=2469"},{"taxonomy":"post_tag","embeddable":true,"href":"https:\/\/www.marianaflores.com\/es\/wp-json\/wp\/v2\/tags?post=2469"}],"curies":[{"name":"wp","href":"https:\/\/api.w.org\/{rel}","templated":true}]}}