{"id":2234,"date":"2024-06-08T10:21:20","date_gmt":"2024-06-08T10:21:20","guid":{"rendered":"https:\/\/www.marianaflores.com\/?p=2234"},"modified":"2024-06-08T10:21:20","modified_gmt":"2024-06-08T10:21:20","slug":"amore-siciliano-en-grenoble","status":"publish","type":"post","link":"https:\/\/www.marianaflores.com\/es\/amore-siciliano-en-grenoble\/","title":{"rendered":"Amore Siciliano en Grenoble"},"content":{"rendered":"<p>Los compositores del periodo barroco crearon el arte del&nbsp;<em>pastiche<\/em>&nbsp;mediante la cual tomaban prestadas, aderezaban, utilizaban y transformaban las obras de otros compositores, y con mucha libertad pasaban de las maneras cultas de componer hasta llevarlas a las tradiciones populares.&nbsp;<\/p>\n\n\n\n<p>Esto es precisamente lo que describir\u00eda a&nbsp;<em>Amore siciliano<\/em>, concebida como una mini \u00f3pera creada a partir de \u201cLa canzone di Cecilia\u201d, una melod\u00eda popular calabresa, del sur de Italia, y de la cual se desprende todo el drama contenido en su historia. Esta obra la ejecut\u00f3 la Cappella Mediterranea, una de las agrupaciones de m\u00fasica antigua m\u00e1s reconocidas y populares en la actualidad, fundada y dirigida por el clavecinista y director de orquesta argentino&nbsp;<strong>Leonardo Garc\u00eda Alarc\u00f3n<\/strong>.&nbsp;<\/p>\n\n\n\n<p><em>Amore siciliano<\/em>&nbsp;se present\u00f3 en el espl\u00e9ndido auditorio de la casa de la cultura MC2 de Grenoble, en los Alpes Franceses, que anualmente presenta una interesante y rica programaci\u00f3n de muchos g\u00e9neros, especialmente de m\u00fasica cl\u00e1sica, que ha permitido a los habitantes de esta ciudad escuchar a los importantes solistas, orquestas, y especialmente, a las mejores agrupaciones de m\u00fasica antigua.<\/p>\n\n\n\n<p><a href=\"https:\/\/proopera.org.mx\/contenido\/criticas\/amore-siciliano-en-grenoble\/\">Plus d&rsquo;information<\/a><\/p>","protected":false},"excerpt":{"rendered":"<p>Entre la infinidad de breves y brillantes joyas que se escucharon, destacaron la sentida \u201cMerc\u00e8 grido piangendo\u201d de Sigismondo d\u2019India; la alegre \u201cVa\u2019, che l\u2019hai fatto a me\u201d de Cataldo Amodei, en la voz de Mariana Flores; la cantata Dispietate pietate de Sigismondo d\u2019India y Torquato Tasso (1544-1595), en la que intervinieron todas las voces; \u201cTirannide vezzoza\u201d de Cataldo Amodei, interpretada por el tenor Valerio Contaldo; \u201cHo vinto, amor\u201d cantado con agilidad y sentimiento por el contratenor Fernique y Contaldo, con el acompa\u00f1amiento del \u00f3rgano y la flauta; as\u00ed como obras de mucha carga folcl\u00f3rica como \u201cU\u2019 ciucciu\u201d o \u201cA riturnella\u201d.<\/p>","protected":false},"author":1,"featured_media":2235,"comment_status":"open","ping_status":"open","sticky":false,"template":"","format":"standard","meta":{"_acf_changed":false,"footnotes":""},"categories":[7],"tags":[],"class_list":["post-2234","post","type-post","status-publish","format-standard","has-post-thumbnail","hentry","category-news"],"acf":[],"_links":{"self":[{"href":"https:\/\/www.marianaflores.com\/es\/wp-json\/wp\/v2\/posts\/2234","targetHints":{"allow":["GET"]}}],"collection":[{"href":"https:\/\/www.marianaflores.com\/es\/wp-json\/wp\/v2\/posts"}],"about":[{"href":"https:\/\/www.marianaflores.com\/es\/wp-json\/wp\/v2\/types\/post"}],"author":[{"embeddable":true,"href":"https:\/\/www.marianaflores.com\/es\/wp-json\/wp\/v2\/users\/1"}],"replies":[{"embeddable":true,"href":"https:\/\/www.marianaflores.com\/es\/wp-json\/wp\/v2\/comments?post=2234"}],"version-history":[{"count":1,"href":"https:\/\/www.marianaflores.com\/es\/wp-json\/wp\/v2\/posts\/2234\/revisions"}],"predecessor-version":[{"id":2236,"href":"https:\/\/www.marianaflores.com\/es\/wp-json\/wp\/v2\/posts\/2234\/revisions\/2236"}],"wp:featuredmedia":[{"embeddable":true,"href":"https:\/\/www.marianaflores.com\/es\/wp-json\/wp\/v2\/media\/2235"}],"wp:attachment":[{"href":"https:\/\/www.marianaflores.com\/es\/wp-json\/wp\/v2\/media?parent=2234"}],"wp:term":[{"taxonomy":"category","embeddable":true,"href":"https:\/\/www.marianaflores.com\/es\/wp-json\/wp\/v2\/categories?post=2234"},{"taxonomy":"post_tag","embeddable":true,"href":"https:\/\/www.marianaflores.com\/es\/wp-json\/wp\/v2\/tags?post=2234"}],"curies":[{"name":"wp","href":"https:\/\/api.w.org\/{rel}","templated":true}]}}