{"id":2078,"date":"2024-05-14T17:10:28","date_gmt":"2024-05-14T17:10:28","guid":{"rendered":"https:\/\/www.marianaflores.com\/?p=2078"},"modified":"2024-05-15T17:11:11","modified_gmt":"2024-05-15T17:11:11","slug":"versailles-inoubliables-vepres-de-la-vierge-de-monteverdi","status":"publish","type":"post","link":"https:\/\/www.marianaflores.com\/es\/versailles-inoubliables-vepres-de-la-vierge-de-monteverdi\/","title":{"rendered":"Versailles : inoubliables\u00a0V\u00eapres de la Vierge\u00a0de Monteverdi"},"content":{"rendered":"<p>Dat\u00e9e en 1610, ann\u00e9e de leur premi\u00e8re ex\u00e9cution \u00e0 Mantoue, les\u00a0<em>V\u00eapres<\/em>\u00a0conjuguent la dimension liturgique \u00e0 une ferveur th\u00e9\u00e2trale singuli\u00e8re. Cette fougue se manifeste ici d\u00e8s l\u2019ouverture, avec l\u2019infaillible Doron Sherwin au cornet \u00e0 bouquin, suivi par les sacqueboutes qui reprennent le th\u00e8me de la fanfare introductive de\u00a0<em>L\u2019Orfeo<\/em>\u00a0(de trois ans ant\u00e9rieur). Les souffleurs se positionnent dans l\u2019all\u00e9e centrale, au milieu du public, et entonnent le\u00a0<em>Deus in adjutorium &#8211; Domine ad adjuvandum<\/em>, le ch\u0153ur entourant le public. Le ton est donn\u00e9 :\u00a0la spatialisation sera le ma\u00eetre mot de ce\u00a0<em>Vespro<\/em>.<br>La musique jaillit de part et d\u2019autre de la chapelle, surprenant les auditeurs. On se rapproche l\u00e0 au plus pr\u00e8s de la mani\u00e8re dont la musique se jouait au XVIIe si\u00e8cle \u00e0 la basilique Saint-Marc de Venise. Lorsque les deux t\u00e9nors, Mathias Vidal et Valerio Contaldo, se font face par balcons interpos\u00e9s, c\u2019est au chef de diriger depuis l\u2019\u00e9picentre du b\u00e2timent les choristes positionn\u00e9s \u00e0 chaque extr\u00e9mit\u00e9. L\u2019\u00e9coute devient alors active et la chapelle se transforme progressivement en sc\u00e8ne de th\u00e9\u00e2tre.<br>\u00a0<\/p>\n\n\n\n<p>Les solistes, avec l\u2019exaltante soprano Mariana Flores en t\u00eate, l\u2019ont bien compris\u00a0: cette musique requiert un plein engagement et tout est pr\u00e9cis\u00e9ment incarn\u00e9. Valerio Contaldo en joue particuli\u00e8rement, pour le plus grand plaisir des spectateurs. Il se montre, il est vrai, tr\u00e8s \u00e0 l\u2019aise dans ce r\u00e9pertoire, n\u00e9gociant les aigus avec une facilit\u00e9 \u00e9tonnante. Le baryton Andreas Wolf et la basse Rafael Galaz apportent une noirceur r\u00e9confortante, tandis que le contre-t\u00e9nor David Sagastume brille par la l\u00e9g\u00e8ret\u00e9 de ses vocalises. La soprano Deborah Cachet nous transporte lors du\u00a0<em>Pulchra es<\/em>, en duo avec Mariana Flores.<\/p>\n\n\n\n<p><a href=\"https:\/\/www.concertclassic.com\/article\/les-vepres-de-la-vierge-par-la-cappella-mediterranea-la-chapelle-royale-de-versailles\">Plus d&rsquo;information<\/a><\/p>","protected":false},"excerpt":{"rendered":"<p>Quand on aime, on ne compte pas ! La Cappella Mediterranea et le Ch\u0153ur de chambre de Namur se plongent une fois de plus dans Les V\u00eapres de la Vierge de Monteverdi. Entre diverses productions Mozart et Bach, Leonardo Garc\u00eda Alarc\u00f3n et ses troupes prennent le temps de revenir \u00e0 une partition enregistr\u00e9e il y a tout juste dix ans (pour Ambronay Editions). Cette fois, c\u2019est \u00e0 la Chapelle royale de Versailles que les musiciens font \u00e9tape.<\/p>","protected":false},"author":1,"featured_media":2076,"comment_status":"open","ping_status":"open","sticky":false,"template":"","format":"standard","meta":{"_acf_changed":false,"footnotes":""},"categories":[7],"tags":[],"class_list":["post-2078","post","type-post","status-publish","format-standard","has-post-thumbnail","hentry","category-news"],"acf":[],"_links":{"self":[{"href":"https:\/\/www.marianaflores.com\/es\/wp-json\/wp\/v2\/posts\/2078","targetHints":{"allow":["GET"]}}],"collection":[{"href":"https:\/\/www.marianaflores.com\/es\/wp-json\/wp\/v2\/posts"}],"about":[{"href":"https:\/\/www.marianaflores.com\/es\/wp-json\/wp\/v2\/types\/post"}],"author":[{"embeddable":true,"href":"https:\/\/www.marianaflores.com\/es\/wp-json\/wp\/v2\/users\/1"}],"replies":[{"embeddable":true,"href":"https:\/\/www.marianaflores.com\/es\/wp-json\/wp\/v2\/comments?post=2078"}],"version-history":[{"count":1,"href":"https:\/\/www.marianaflores.com\/es\/wp-json\/wp\/v2\/posts\/2078\/revisions"}],"predecessor-version":[{"id":2232,"href":"https:\/\/www.marianaflores.com\/es\/wp-json\/wp\/v2\/posts\/2078\/revisions\/2232"}],"wp:featuredmedia":[{"embeddable":true,"href":"https:\/\/www.marianaflores.com\/es\/wp-json\/wp\/v2\/media\/2076"}],"wp:attachment":[{"href":"https:\/\/www.marianaflores.com\/es\/wp-json\/wp\/v2\/media?parent=2078"}],"wp:term":[{"taxonomy":"category","embeddable":true,"href":"https:\/\/www.marianaflores.com\/es\/wp-json\/wp\/v2\/categories?post=2078"},{"taxonomy":"post_tag","embeddable":true,"href":"https:\/\/www.marianaflores.com\/es\/wp-json\/wp\/v2\/tags?post=2078"}],"curies":[{"name":"wp","href":"https:\/\/api.w.org\/{rel}","templated":true}]}}