{"id":2031,"date":"2023-12-06T22:03:00","date_gmt":"2023-12-06T22:03:00","guid":{"rendered":"https:\/\/www.marianaflores.com\/?p=2031"},"modified":"2023-12-06T22:08:40","modified_gmt":"2023-12-06T22:08:40","slug":"una-experiencia-musical-diferente-en-clave-barroca","status":"publish","type":"post","link":"https:\/\/www.marianaflores.com\/es\/una-experiencia-musical-diferente-en-clave-barroca\/","title":{"rendered":"Una experiencia musical diferente, en clave barroca"},"content":{"rendered":"\n<p>Fue, sin duda, una experiencia musical diferente, provechosa y aleccionadora, esta presencia de la afamada Cappella Mediterranea, creada en 2005 por el m\u00fasico compatriota Leonardo Garc\u00eda Alarc\u00f3n, nacido en La Plata hace 47 a\u00f1os, que ha ganado una fama notoria en el campo de la m\u00fasica en una carrera activa y ya reconocida, desde sus estudios realizados en el Conservatorio de Ginebra.<\/p>\n\n\n\n<p>Y cabe agregar tambi\u00e9n como, desde la creaci\u00f3n del mencionado ensamble, su exploraci\u00f3n en la m\u00fasica barroca ha sido permanente. Por eso el concierto que comentamos, incorporado al llamado Festival Barroco del Col\u00f3n, que cuenta con la curadur\u00eda de la soprano Ver\u00f3nica Cangemi, fue una clara y brillante manifestaci\u00f3n musical y de acercamiento a la tem\u00e1tica de Claudio Monteverdi, abarcando la referencia de los pecados capitales en alusiones oper\u00edsticas que entroncaron tambi\u00e9n con \u2018L\u2019incoronazione di Poppea\u2019 y con \u2018Il ritorno di Ulisse in patria\u2019.<\/p>\n\n\n\n<p>\u00ab Las intervenciones [de los sis vocalistas] fueron desarroll\u00e1ndose con absoluta convicci\u00f3n y ejemplaridad canora. [\u2026] Todo fue manejado, dir\u00edamos, con precisi\u00f3n extrema y prolijidad puesta en los valores musicales. \u00bb<\/p>\n\n\n\n<p><em>\u00ab Les interventions [des six&nbsp;chanteurs] ont \u00e9t\u00e9 d\u00e9velopp\u00e9es avec une conviction absolue et un chant exemplaire. [&#8230;] Tout a \u00e9t\u00e9 g\u00e9r\u00e9, dirions-nous, avec une extr\u00eame pr\u00e9cision et une grande nettet\u00e9 dans les valeurs musicales. \u00bb<\/em><\/p>\n\n\n\n<p><a href=\"https:\/\/www.laprensa.com.ar\/Una-experiencia-musical-diferente-en-clave-barroca-538078.note.aspx\">Plus d&rsquo;information<\/a><\/p>\n","protected":false},"excerpt":{"rendered":"<p>\u00ab Las intervenciones [de los sis vocalistas] fueron desarroll\u00e1ndose con absoluta convicci\u00f3n y ejemplaridad canora. [\u2026] Todo fue manejado, dir\u00edamos, con precisi\u00f3n extrema y prolijidad puesta en los valores musicales. \u00bb<\/p>\n","protected":false},"author":1,"featured_media":2032,"comment_status":"open","ping_status":"open","sticky":false,"template":"","format":"standard","meta":{"_acf_changed":false,"footnotes":""},"categories":[7],"tags":[],"class_list":["post-2031","post","type-post","status-publish","format-standard","has-post-thumbnail","hentry","category-news"],"acf":[],"_links":{"self":[{"href":"https:\/\/www.marianaflores.com\/es\/wp-json\/wp\/v2\/posts\/2031","targetHints":{"allow":["GET"]}}],"collection":[{"href":"https:\/\/www.marianaflores.com\/es\/wp-json\/wp\/v2\/posts"}],"about":[{"href":"https:\/\/www.marianaflores.com\/es\/wp-json\/wp\/v2\/types\/post"}],"author":[{"embeddable":true,"href":"https:\/\/www.marianaflores.com\/es\/wp-json\/wp\/v2\/users\/1"}],"replies":[{"embeddable":true,"href":"https:\/\/www.marianaflores.com\/es\/wp-json\/wp\/v2\/comments?post=2031"}],"version-history":[{"count":1,"href":"https:\/\/www.marianaflores.com\/es\/wp-json\/wp\/v2\/posts\/2031\/revisions"}],"predecessor-version":[{"id":2033,"href":"https:\/\/www.marianaflores.com\/es\/wp-json\/wp\/v2\/posts\/2031\/revisions\/2033"}],"wp:featuredmedia":[{"embeddable":true,"href":"https:\/\/www.marianaflores.com\/es\/wp-json\/wp\/v2\/media\/2032"}],"wp:attachment":[{"href":"https:\/\/www.marianaflores.com\/es\/wp-json\/wp\/v2\/media?parent=2031"}],"wp:term":[{"taxonomy":"category","embeddable":true,"href":"https:\/\/www.marianaflores.com\/es\/wp-json\/wp\/v2\/categories?post=2031"},{"taxonomy":"post_tag","embeddable":true,"href":"https:\/\/www.marianaflores.com\/es\/wp-json\/wp\/v2\/tags?post=2031"}],"curies":[{"name":"wp","href":"https:\/\/api.w.org\/{rel}","templated":true}]}}