{"id":1863,"date":"2023-08-28T12:25:16","date_gmt":"2023-08-28T12:25:16","guid":{"rendered":"https:\/\/www.marianaflores.com\/?p=1863"},"modified":"2023-08-28T12:27:38","modified_gmt":"2023-08-28T12:27:38","slug":"excellent-orfeo-a-santander","status":"publish","type":"post","link":"https:\/\/www.marianaflores.com\/es\/excellent-orfeo-a-santander\/","title":{"rendered":"Excellent Orfeo \u00e0 Santander"},"content":{"rendered":"<p>Le destin, qui en son temps a r\u00e9serv\u00e9 \u00e0 l&rsquo;Orfeo de Monteverdi la place privil\u00e9gi\u00e9e dans l&rsquo;histoire dont il jouit aujourd&rsquo;hui, a voulu que sa cr\u00e9ation au Festival International de Santander soit \u00e9galement inscrite dans les annales de la capitale cantabrique puisqu&rsquo;elle s&rsquo;est d\u00e9roul\u00e9e dans la plus chaleureuse d&rsquo;entre elles. Anecdotes mises \u00e0 part, le d\u00e9barquement de la Cappella Mediterranea, du Coro de C\u00e1mara Namur et de Leonardo Garc\u00eda Alarc\u00f3n dans la baie de Santander ne pouvait \u00eatre plus heureux ni son succ\u00e8s plus retentissant, ce qui ne surprendrait pas les aficionados inform\u00e9s de celui que le chef argentin a r\u00e9colt\u00e9 en son temps au Teatro Real avec la m\u00eame t\u00e2che.<\/p>\n\n\n\n<p>La surprise &#8211; si l&rsquo;on peut dire &#8211; a \u00e9t\u00e9 pour moi de constater que le reste de la distribution s&rsquo;est comport\u00e9e \u00e0 un niveau tr\u00e8s homog\u00e8ne, tant au niveau de l&rsquo;interpr\u00e9tation que du chant. J&rsquo;ai \u00e9t\u00e9 particuli\u00e8rement frapp\u00e9 par Mariana Flores (Euridice et La Musica), Coline Dutilleul (Messaggiera) et Alessandro Giangrande (Apollo), de v\u00e9ritables ma\u00eetres chanteurs, ma\u00eetrisant aussi bien le chant aust\u00e8re d\u00e9pourvu de toute fioriture que le chant m\u00e9lismatique et fleuri lorsque l&rsquo;\u00e9motion l&rsquo;exige.<\/p>\n\n\n\n<p><a href=\"https:\/\/www.ritmo.es\/auditorio\/critica-excelente-orfeo-en-santander-por-dario-fernandez-ruiz?fbclid=IwAR2Tzz-cwEr_L0hl_0xh9S3mldNWNDp0rEzMeLtmX8LB15f2kdGjHlp5Rck_aem_AcqsEvxTI2PWNufOsXvTfpPF_8bt32KnuMMyljv5iFq1jCCyVlRWSr8RSUf88bGoTWs\">Plus d&rsquo;information<\/a><\/p>","protected":false},"excerpt":{"rendered":"<p>Le d\u00e9barquement de la Cappella Mediterranea, du Coro de C\u00e1mara Namur et de Leonardo Garc\u00eda Alarc\u00f3n dans la baie de Santander ne pouvait \u00eatre plus heureux ni son succ\u00e8s plus retentissant&#8230;<\/p>","protected":false},"author":1,"featured_media":292,"comment_status":"open","ping_status":"open","sticky":false,"template":"","format":"standard","meta":{"_acf_changed":false,"footnotes":""},"categories":[7],"tags":[],"class_list":["post-1863","post","type-post","status-publish","format-standard","has-post-thumbnail","hentry","category-news"],"acf":[],"_links":{"self":[{"href":"https:\/\/www.marianaflores.com\/es\/wp-json\/wp\/v2\/posts\/1863","targetHints":{"allow":["GET"]}}],"collection":[{"href":"https:\/\/www.marianaflores.com\/es\/wp-json\/wp\/v2\/posts"}],"about":[{"href":"https:\/\/www.marianaflores.com\/es\/wp-json\/wp\/v2\/types\/post"}],"author":[{"embeddable":true,"href":"https:\/\/www.marianaflores.com\/es\/wp-json\/wp\/v2\/users\/1"}],"replies":[{"embeddable":true,"href":"https:\/\/www.marianaflores.com\/es\/wp-json\/wp\/v2\/comments?post=1863"}],"version-history":[{"count":2,"href":"https:\/\/www.marianaflores.com\/es\/wp-json\/wp\/v2\/posts\/1863\/revisions"}],"predecessor-version":[{"id":1865,"href":"https:\/\/www.marianaflores.com\/es\/wp-json\/wp\/v2\/posts\/1863\/revisions\/1865"}],"wp:featuredmedia":[{"embeddable":true,"href":"https:\/\/www.marianaflores.com\/es\/wp-json\/wp\/v2\/media\/292"}],"wp:attachment":[{"href":"https:\/\/www.marianaflores.com\/es\/wp-json\/wp\/v2\/media?parent=1863"}],"wp:term":[{"taxonomy":"category","embeddable":true,"href":"https:\/\/www.marianaflores.com\/es\/wp-json\/wp\/v2\/categories?post=1863"},{"taxonomy":"post_tag","embeddable":true,"href":"https:\/\/www.marianaflores.com\/es\/wp-json\/wp\/v2\/tags?post=1863"}],"curies":[{"name":"wp","href":"https:\/\/api.w.org\/{rel}","templated":true}]}}