{"id":1785,"date":"2023-07-24T16:14:11","date_gmt":"2023-07-24T16:14:11","guid":{"rendered":"https:\/\/www.marianaflores.com\/?p=1785"},"modified":"2023-07-24T16:14:12","modified_gmt":"2023-07-24T16:14:12","slug":"lorfeo-au-dela-de-la-musique","status":"publish","type":"post","link":"https:\/\/www.marianaflores.com\/es\/lorfeo-au-dela-de-la-musique\/","title":{"rendered":"L\u2019Orfeo\u00bb: au-del\u00e0 de la musique"},"content":{"rendered":"<p>Date m\u00e9morable dans l\u2019histoire du&nbsp;<a href=\"https:\/\/www.ledevoir.com\/motcle\/festival-de-lanaudiere?utm_source=recirculation&amp;utm_medium=hyperlien&amp;utm_campaign=corps_texte\" target=\"_blank\" rel=\"noreferrer noopener\">Festival de Lanaudi\u00e8re<\/a>, la pr\u00e9sentation de \u00ab&nbsp;l\u2019alpha&nbsp;\u00bb du r\u00e9pertoire lyrique \u00e0 l\u2019amphith\u00e9\u00e2tre Fernand-Lindsay par&nbsp;<a href=\"https:\/\/www.ledevoir.com\/culture\/musique\/785562\/leonardo-garcia-alarcon-vedette-du-festival-de-lanaudiere-2023?utm_source=recirculation&amp;utm_medium=hyperlien&amp;utm_campaign=corps_texte\" target=\"_blank\" rel=\"noreferrer noopener\">Leonardo Garc\u00eda Alarc\u00f3n<\/a>&nbsp;et ses musiciens a fait mieux que tenir ses promesses samedi.<\/p>\n\n\n\n<p>Avec Leonardo Garc\u00eda Alarc\u00f3n, on pense toujours \u00eatre pr\u00e9par\u00e9 au superlatif, mais ce qu\u2019il nous fait vivre, avec les musiciens avec lesquels il partage la sc\u00e8ne, d\u00e9passe ce que nos pauvres cerveaux peuvent imaginer ou concevoir a priori.<\/p>\n\n\n\n<p><a href=\"https:\/\/www.ledevoir.com\/culture\/musique\/795044\/critique-classique-garcia-alarcon-au-dela-de-la-musique?fbclid=IwAR2GKNWW3GL-fwAPHEKRpLOKMAvTYZlfjDok1RP7J0NAw3Ltyt110yhfJac\">Plus d&rsquo;information<\/a><\/p>","protected":false},"excerpt":{"rendered":"<p>Sans jamais une once de trivialit\u00e9, Mariana Flor\u00e8s vit les personnages auxquels elle pr\u00eate sa voix. On en conna\u00eet les qualit\u00e9s rares, de couleur, de projection, de longueur et d\u2019engagement physique. <\/p>","protected":false},"author":1,"featured_media":1786,"comment_status":"open","ping_status":"open","sticky":false,"template":"","format":"standard","meta":{"_acf_changed":false,"footnotes":""},"categories":[7],"tags":[],"class_list":["post-1785","post","type-post","status-publish","format-standard","has-post-thumbnail","hentry","category-news"],"acf":[],"_links":{"self":[{"href":"https:\/\/www.marianaflores.com\/es\/wp-json\/wp\/v2\/posts\/1785","targetHints":{"allow":["GET"]}}],"collection":[{"href":"https:\/\/www.marianaflores.com\/es\/wp-json\/wp\/v2\/posts"}],"about":[{"href":"https:\/\/www.marianaflores.com\/es\/wp-json\/wp\/v2\/types\/post"}],"author":[{"embeddable":true,"href":"https:\/\/www.marianaflores.com\/es\/wp-json\/wp\/v2\/users\/1"}],"replies":[{"embeddable":true,"href":"https:\/\/www.marianaflores.com\/es\/wp-json\/wp\/v2\/comments?post=1785"}],"version-history":[{"count":1,"href":"https:\/\/www.marianaflores.com\/es\/wp-json\/wp\/v2\/posts\/1785\/revisions"}],"predecessor-version":[{"id":1787,"href":"https:\/\/www.marianaflores.com\/es\/wp-json\/wp\/v2\/posts\/1785\/revisions\/1787"}],"wp:featuredmedia":[{"embeddable":true,"href":"https:\/\/www.marianaflores.com\/es\/wp-json\/wp\/v2\/media\/1786"}],"wp:attachment":[{"href":"https:\/\/www.marianaflores.com\/es\/wp-json\/wp\/v2\/media?parent=1785"}],"wp:term":[{"taxonomy":"category","embeddable":true,"href":"https:\/\/www.marianaflores.com\/es\/wp-json\/wp\/v2\/categories?post=1785"},{"taxonomy":"post_tag","embeddable":true,"href":"https:\/\/www.marianaflores.com\/es\/wp-json\/wp\/v2\/tags?post=1785"}],"curies":[{"name":"wp","href":"https:\/\/api.w.org\/{rel}","templated":true}]}}