{"id":1636,"date":"2023-07-21T21:30:22","date_gmt":"2023-07-21T21:30:22","guid":{"rendered":"https:\/\/www.marianaflores.com\/?p=1636"},"modified":"2023-07-21T21:30:23","modified_gmt":"2023-07-21T21:30:23","slug":"alfonsina-le-chemin-des-vignes-meursault","status":"publish","type":"post","link":"https:\/\/www.marianaflores.com\/es\/alfonsina-le-chemin-des-vignes-meursault\/","title":{"rendered":"Alfonsina, le chemin des vignes \u2013 Meursault"},"content":{"rendered":"<p class=\"has-medium-font-size\"><strong>Alfonsina, ou l\u2019\u00e2me argentine<\/strong><\/p>\n\n\n\n<p>S\u2019il est assez rare d\u2019\u00e9couter dans la chanson de vari\u00e9t\u00e9 des artistes qui ont fond\u00e9 leur renom sur le r\u00e9pertoire baroque, il est exceptionnel, particuli\u00e8rement en France, que tout un r\u00e9cital soit consacr\u00e9 \u00e0 la m\u00e9lodie populaire. C\u2019est le pari qu\u2019ont fait&nbsp;<strong>Mariana Flor\u00e8s<\/strong>&nbsp;et&nbsp;<strong>Quito Gato<\/strong>, ambassadeurs de la culture traditionnelle (et savante) d\u2019Argentine, avec&nbsp;<strong>Romain Lecuyer<\/strong>&nbsp;(contrebasse) form\u00e9 \u00e0 Buenos-Aires, apr\u00e8s un beau parcours dans notre pays.<\/p>\n\n\n\n<p>Le festival&nbsp;<em>Bach \u00e0 Bacchus<\/em>, qu\u2019organisent&nbsp;<em>Les Amis de la Musique<\/em>&nbsp;\u00e0 Meursault, a eu la bonne id\u00e9e d\u2019ouvrir son \u00e9dition 2023 avec ce concert singulier, r\u00e9unissant nos trois artistes, pour la premi\u00e8re production publique d\u2019un r\u00e9cital qui sortira en CD dans quelques mois sous le label Alpha-Classics.<\/p>\n\n\n\n<p><a href=\"https:\/\/www.forumopera.com\/spectacle\/alfonsina-le-chemin-des-vignes-meursault\/\">Plus d&rsquo;information<\/a><\/p>","protected":false},"excerpt":{"rendered":"<p>Sans jamais une once de trivialit\u00e9, Mariana Flor\u00e8s vit les personnages auxquels elle pr\u00eate sa voix. On en conna\u00eet les qualit\u00e9s rares, de couleur, de projection, de longueur et d\u2019engagement physique. <\/p>","protected":false},"author":1,"featured_media":1637,"comment_status":"open","ping_status":"open","sticky":false,"template":"","format":"standard","meta":{"_acf_changed":false,"footnotes":""},"categories":[7],"tags":[],"class_list":["post-1636","post","type-post","status-publish","format-standard","has-post-thumbnail","hentry","category-news"],"acf":[],"_links":{"self":[{"href":"https:\/\/www.marianaflores.com\/es\/wp-json\/wp\/v2\/posts\/1636","targetHints":{"allow":["GET"]}}],"collection":[{"href":"https:\/\/www.marianaflores.com\/es\/wp-json\/wp\/v2\/posts"}],"about":[{"href":"https:\/\/www.marianaflores.com\/es\/wp-json\/wp\/v2\/types\/post"}],"author":[{"embeddable":true,"href":"https:\/\/www.marianaflores.com\/es\/wp-json\/wp\/v2\/users\/1"}],"replies":[{"embeddable":true,"href":"https:\/\/www.marianaflores.com\/es\/wp-json\/wp\/v2\/comments?post=1636"}],"version-history":[{"count":1,"href":"https:\/\/www.marianaflores.com\/es\/wp-json\/wp\/v2\/posts\/1636\/revisions"}],"predecessor-version":[{"id":1638,"href":"https:\/\/www.marianaflores.com\/es\/wp-json\/wp\/v2\/posts\/1636\/revisions\/1638"}],"wp:featuredmedia":[{"embeddable":true,"href":"https:\/\/www.marianaflores.com\/es\/wp-json\/wp\/v2\/media\/1637"}],"wp:attachment":[{"href":"https:\/\/www.marianaflores.com\/es\/wp-json\/wp\/v2\/media?parent=1636"}],"wp:term":[{"taxonomy":"category","embeddable":true,"href":"https:\/\/www.marianaflores.com\/es\/wp-json\/wp\/v2\/categories?post=1636"},{"taxonomy":"post_tag","embeddable":true,"href":"https:\/\/www.marianaflores.com\/es\/wp-json\/wp\/v2\/tags?post=1636"}],"curies":[{"name":"wp","href":"https:\/\/api.w.org\/{rel}","templated":true}]}}