{"id":401,"date":"2023-05-07T10:10:01","date_gmt":"2023-05-07T10:10:01","guid":{"rendered":"https:\/\/www.marianaflores.com\/?p=401"},"modified":"2023-05-07T10:10:13","modified_gmt":"2023-05-07T10:10:13","slug":"lamenti-e-sospiri-dijon","status":"publish","type":"post","link":"https:\/\/www.marianaflores.com\/en\/lamenti-e-sospiri-dijon\/","title":{"rendered":"Lamenti e sospiri \u2013 Dijon"},"content":{"rendered":"<p>Le baroque chambriste<\/p>\n\n\n\n<p>Le Grand-Th\u00e9\u00e2tre de Dijon se pr\u00eate merveilleusement \u00e0 la musique baroque&nbsp;et ses proportions comme son acoustique s\u2019accordent tout particuli\u00e8rement au programme de ce soir. Les voix, et m\u00eame les instruments se pr\u00eateront ponctuellement \u00e0 une spatialisation, voire \u00e0 des d\u00e9ambulations, qui auront le m\u00e9rite de rapprocher encore un peu plus les interpr\u00e8tes d\u2019un public sous le charme, au sens fort du terme.<\/p>\n\n\n\n<figure class=\"wp-block-image aligncenter\"><img decoding=\"async\" src=\"https:\/\/www.forumopera.com\/wp-content\/uploads\/337060382_519923753672249_3572598736399403393_n-300x225.jpg\" alt=\"\" class=\"wp-image-127048\"\/><\/figure>\n\n\n\n<p><br>\u00a9 DR<\/p>\n\n\n\n<p>Le programme s\u2019ouvre sur un madrigal du premier livre d\u2019Arcadelt (2). Donn\u00e9 instrumentalement, uniquement en cordes pinc\u00e9es de nos cinq instrumentistes, c\u2019est un r\u00e9gal, avant que les voix de\u00a0<strong>Mariana Flor\u00e8s\u00a0<\/strong>et de\u00a0<strong>Julie Roset<\/strong>\u00a0se fassent entendre de la salle. Le ton est donn\u00e9\u00a0: intimiste, sensible, po\u00e9tique. Outre nos deux chanteuses, ils sont cinq\u00a0:\u00a0<strong>Leonardo<\/strong>\u00a0<strong>Garc\u00eda<\/strong>\u00a0<strong>Alarc\u00f3n<\/strong>\u00a0dirige depuis sa banquette qui lui permet de jouer du positif, de l\u2019\u00e9pinette, voire des deux,\u00a0<strong>Marie Bournisien<\/strong>\u00a0est \u00e0 la harpe,\u00a0<strong>M\u00f3nica Pustilnik<\/strong>\u00a0joue de l\u2019archiluth comme de la guitare,\u00a0<strong>Quito Gato<\/strong>\u00a0du th\u00e9orbe, de la guitare, et de la percussion, quant \u00e0\u00a0<strong>Margaux Blanchard<\/strong>\u00a0elle tient la partie de viole de gambe<strong>.<\/strong>\u00a0La fine \u00e9quipe au c\u0153ur de la\u00a0<em>Cappella Mediterranea<\/em>, plus solidaire que jamais, engag\u00e9e autour de leur chef au charisme exceptionnel.<\/p>\n\n\n\n<p><a href=\"https:\/\/www.forumopera.com\/spectacle\/lamenti-e-sospiri\/?fbclid=IwAR1uexGrqYA_HRTDdPKLoSBSNlw_ex8mK5omkbRFGLj8JPGef2HLk4kq-g8\">Plus d&rsquo;information<\/a><\/p>","protected":false},"excerpt":{"rendered":"<p>Le Grand-Th\u00e9\u00e2tre de Dijon se pr\u00eate merveilleusement \u00e0 la musique baroque et ses proportions comme son acoustique s\u2019accordent tout particuli\u00e8rement au programme de ce soir.<\/p>","protected":false},"author":1,"featured_media":402,"comment_status":"open","ping_status":"open","sticky":false,"template":"","format":"standard","meta":{"_acf_changed":false,"footnotes":""},"categories":[7],"tags":[],"class_list":["post-401","post","type-post","status-publish","format-standard","has-post-thumbnail","hentry","category-news"],"acf":[],"_links":{"self":[{"href":"https:\/\/www.marianaflores.com\/en\/wp-json\/wp\/v2\/posts\/401","targetHints":{"allow":["GET"]}}],"collection":[{"href":"https:\/\/www.marianaflores.com\/en\/wp-json\/wp\/v2\/posts"}],"about":[{"href":"https:\/\/www.marianaflores.com\/en\/wp-json\/wp\/v2\/types\/post"}],"author":[{"embeddable":true,"href":"https:\/\/www.marianaflores.com\/en\/wp-json\/wp\/v2\/users\/1"}],"replies":[{"embeddable":true,"href":"https:\/\/www.marianaflores.com\/en\/wp-json\/wp\/v2\/comments?post=401"}],"version-history":[{"count":1,"href":"https:\/\/www.marianaflores.com\/en\/wp-json\/wp\/v2\/posts\/401\/revisions"}],"predecessor-version":[{"id":403,"href":"https:\/\/www.marianaflores.com\/en\/wp-json\/wp\/v2\/posts\/401\/revisions\/403"}],"wp:featuredmedia":[{"embeddable":true,"href":"https:\/\/www.marianaflores.com\/en\/wp-json\/wp\/v2\/media\/402"}],"wp:attachment":[{"href":"https:\/\/www.marianaflores.com\/en\/wp-json\/wp\/v2\/media?parent=401"}],"wp:term":[{"taxonomy":"category","embeddable":true,"href":"https:\/\/www.marianaflores.com\/en\/wp-json\/wp\/v2\/categories?post=401"},{"taxonomy":"post_tag","embeddable":true,"href":"https:\/\/www.marianaflores.com\/en\/wp-json\/wp\/v2\/tags?post=401"}],"curies":[{"name":"wp","href":"https:\/\/api.w.org\/{rel}","templated":true}]}}