{"id":2777,"date":"2025-10-04T07:59:42","date_gmt":"2025-10-04T07:59:42","guid":{"rendered":"https:\/\/www.marianaflores.com\/?p=2777"},"modified":"2025-10-04T07:59:42","modified_gmt":"2025-10-04T07:59:42","slug":"crescendo-magazine-la-cappella-mediterranea-fete-ses-20-ans-a-ambronay","status":"publish","type":"post","link":"https:\/\/www.marianaflores.com\/en\/crescendo-magazine-la-cappella-mediterranea-fete-ses-20-ans-a-ambronay\/","title":{"rendered":"Crescendo Magazine: La Cappella Mediterranea f\u00eate ses 20 ans \u00e0 Ambronay"},"content":{"rendered":"<p><\/p>\n\n\n\n<p>Pour sa 46<sup>e<\/sup>&nbsp;\u00e9dition, r\u00e9duite \u00e0 trois week-ends au lieu de quatre, l\u2019un des moments forts du 2<sup>e<\/sup>&nbsp;week-end fut sans conteste le 20<sup>e<\/sup>&nbsp;anniversaire de La Cappella Mediterranea. Le public, t\u00e9moin de l\u2019\u00e9volution de l\u2019ensemble et de son chef fondateur Leonardo Garc\u00eda Alarc\u00f3n, a accueilli avec enthousiasme deux concerts \u2014&nbsp;<em>Acis et Galat\u00e9e<\/em>&nbsp;de Haendel et le programme \u00ab&nbsp;Le donne di Cavalli&nbsp;\u00bb \u2014 ainsi qu\u2019une exposition photographique.<\/p>\n\n\n\n<p><strong>Acis et Galat\u00e9e \u00e9nergique et \u00e9mouvant<\/strong><\/p>\n\n\n\n<p>Le premier concert, dans la soir\u00e9e du samedi 20 septembre, proposait&nbsp;<em>Acis&nbsp;<\/em><em>and<\/em><em>&nbsp;Galat<\/em><em>ea<\/em>&nbsp;de Haendel en version de concert. Lors de sa br\u00e8ve allocution de pr\u00e9sentation, Isabelle Battioni, directrice du Festival d\u2019Ambronay, interroge&nbsp;: \u00ab&nbsp;Jusqu\u2019o\u00f9 on peut aller dans la mise en espace dans une \u00e9glise&nbsp;?&nbsp;\u00bb<\/p>\n\n\n\n<p><a href=\"https:\/\/www.crescendo-magazine.be\/la-cappella-mediterranea-fete-ses-20-ans-a-ambronay\/\">Plus d&rsquo;information<\/a><\/p>\n\n\n\n<p><\/p>","protected":false},"excerpt":{"rendered":"<p>Mariana Flores d\u00e9ploie sa voix cristalline et c\u00e9leste dans une \u00e9blouissante ma\u00eetrise vocale. Du plus discret des sentiments \u00e0 la douleur ou \u00e0 la fureur la plus inexprimable, elle manie un instrument capable de produire des triple piano velout\u00e9s comme des fortissimo qui semblent percer le ciel. <\/p>","protected":false},"author":1,"featured_media":2778,"comment_status":"open","ping_status":"open","sticky":false,"template":"","format":"standard","meta":{"_acf_changed":false,"footnotes":""},"categories":[7],"tags":[],"class_list":["post-2777","post","type-post","status-publish","format-standard","has-post-thumbnail","hentry","category-news"],"acf":[],"_links":{"self":[{"href":"https:\/\/www.marianaflores.com\/en\/wp-json\/wp\/v2\/posts\/2777","targetHints":{"allow":["GET"]}}],"collection":[{"href":"https:\/\/www.marianaflores.com\/en\/wp-json\/wp\/v2\/posts"}],"about":[{"href":"https:\/\/www.marianaflores.com\/en\/wp-json\/wp\/v2\/types\/post"}],"author":[{"embeddable":true,"href":"https:\/\/www.marianaflores.com\/en\/wp-json\/wp\/v2\/users\/1"}],"replies":[{"embeddable":true,"href":"https:\/\/www.marianaflores.com\/en\/wp-json\/wp\/v2\/comments?post=2777"}],"version-history":[{"count":1,"href":"https:\/\/www.marianaflores.com\/en\/wp-json\/wp\/v2\/posts\/2777\/revisions"}],"predecessor-version":[{"id":2779,"href":"https:\/\/www.marianaflores.com\/en\/wp-json\/wp\/v2\/posts\/2777\/revisions\/2779"}],"wp:featuredmedia":[{"embeddable":true,"href":"https:\/\/www.marianaflores.com\/en\/wp-json\/wp\/v2\/media\/2778"}],"wp:attachment":[{"href":"https:\/\/www.marianaflores.com\/en\/wp-json\/wp\/v2\/media?parent=2777"}],"wp:term":[{"taxonomy":"category","embeddable":true,"href":"https:\/\/www.marianaflores.com\/en\/wp-json\/wp\/v2\/categories?post=2777"},{"taxonomy":"post_tag","embeddable":true,"href":"https:\/\/www.marianaflores.com\/en\/wp-json\/wp\/v2\/tags?post=2777"}],"curies":[{"name":"wp","href":"https:\/\/api.w.org\/{rel}","templated":true}]}}