{"id":2669,"date":"2025-09-21T17:41:27","date_gmt":"2025-09-21T17:41:27","guid":{"rendered":"https:\/\/www.marianaflores.com\/?p=2669"},"modified":"2025-09-21T17:41:29","modified_gmt":"2025-09-21T17:41:29","slug":"der-opernfreund-bayreuth-teatro-dei-sensi-mariana-flores","status":"publish","type":"post","link":"https:\/\/www.marianaflores.com\/en\/der-opernfreund-bayreuth-teatro-dei-sensi-mariana-flores\/","title":{"rendered":"Der Opernfreund: Bayreuth: \u201eTeatro dei Sensi\u201c, Mariana\u00a0Flores"},"content":{"rendered":"<p>Frage: Was ist eigentlich (und uneigentlich) der H\u00f6hepunkt des diesj\u00e4hrigen Festivals&nbsp;<em>Bayreuth Baroque<\/em>? Antwort: Es gibt keinen \u2013 weil man 1. \u00c4pfel nicht mit Birnen vergleichen kann und 2. ein Solo-Recital die gleiche Intensit\u00e4t und k\u00fcnstlerische Dignit\u00e4t aufzuweisen vermag wie eine Oper.<\/p>\n\n\n\n<p>Man merkt es an einem Abend, der vier Zugaben provoziert und das internationale Publikum \u2013 die Bayreuther Musikfreunde gehen so gut wie nie in die Vorstellungen \u2013 am Ende wieder zum Jubeln bringt Im Mittelpunkt des\u00a0<em>Teatro dei Sensi<\/em>, des\u00a0<em>Theaters der Sinn<\/em>e, steht Francesco Cavalli, der Komponist der\u00a0<em>Bayreuth Baroque<\/em>-Oper 2025&#8230;<\/p>\n\n\n\n<p><a href=\"https:\/\/deropernfreund.de\/pionteks-bayreuth\/bayreuth-teatro-dei-sensi-mariana-flores\/\">Plus d&rsquo;information<\/a><\/p>\n\n\n\n<p><\/p>","protected":false},"excerpt":{"rendered":"<p>Der Zwischenbeifall war berechtigt, um einem gleichsam zweiten Vorspiel Platz zu machen. Mit der Sinfonia a 3, dem Prologo aus dem Orione startet man in die Schlussrunde. Nun erf\u00e4hrt auch, bei der Arie der Ermosilla aus der Statira, Menfi, mia patria, regno, der letzte H\u00f6rer, dass Innen und Assen bei Mariana Flores identisch sind.<\/p>","protected":false},"author":1,"featured_media":2670,"comment_status":"open","ping_status":"open","sticky":false,"template":"","format":"standard","meta":{"_acf_changed":false,"footnotes":""},"categories":[7],"tags":[],"class_list":["post-2669","post","type-post","status-publish","format-standard","has-post-thumbnail","hentry","category-news"],"acf":[],"_links":{"self":[{"href":"https:\/\/www.marianaflores.com\/en\/wp-json\/wp\/v2\/posts\/2669","targetHints":{"allow":["GET"]}}],"collection":[{"href":"https:\/\/www.marianaflores.com\/en\/wp-json\/wp\/v2\/posts"}],"about":[{"href":"https:\/\/www.marianaflores.com\/en\/wp-json\/wp\/v2\/types\/post"}],"author":[{"embeddable":true,"href":"https:\/\/www.marianaflores.com\/en\/wp-json\/wp\/v2\/users\/1"}],"replies":[{"embeddable":true,"href":"https:\/\/www.marianaflores.com\/en\/wp-json\/wp\/v2\/comments?post=2669"}],"version-history":[{"count":1,"href":"https:\/\/www.marianaflores.com\/en\/wp-json\/wp\/v2\/posts\/2669\/revisions"}],"predecessor-version":[{"id":2671,"href":"https:\/\/www.marianaflores.com\/en\/wp-json\/wp\/v2\/posts\/2669\/revisions\/2671"}],"wp:featuredmedia":[{"embeddable":true,"href":"https:\/\/www.marianaflores.com\/en\/wp-json\/wp\/v2\/media\/2670"}],"wp:attachment":[{"href":"https:\/\/www.marianaflores.com\/en\/wp-json\/wp\/v2\/media?parent=2669"}],"wp:term":[{"taxonomy":"category","embeddable":true,"href":"https:\/\/www.marianaflores.com\/en\/wp-json\/wp\/v2\/categories?post=2669"},{"taxonomy":"post_tag","embeddable":true,"href":"https:\/\/www.marianaflores.com\/en\/wp-json\/wp\/v2\/tags?post=2669"}],"curies":[{"name":"wp","href":"https:\/\/api.w.org\/{rel}","templated":true}]}}