{"id":2646,"date":"2025-08-11T15:18:34","date_gmt":"2025-08-11T15:18:34","guid":{"rendered":"https:\/\/www.marianaflores.com\/?p=2646"},"modified":"2025-08-11T15:18:35","modified_gmt":"2025-08-11T15:18:35","slug":"baroquiades-messe-en-si-bach","status":"publish","type":"post","link":"https:\/\/www.marianaflores.com\/en\/baroquiades-messe-en-si-bach\/","title":{"rendered":"BaroquiadeS: Messe en si \u2013 Bach"},"content":{"rendered":"<p>Il fallait bien le d\u00e9cor des Alpes valaisannes, un ciel z\u00e9br\u00e9 d\u2019\u00e9clairs et la pluie martelant les toits pour accueillir la\u00a0<em>Mass in E minor<\/em>\u00a0de\u00a0<strong>Bach<\/strong>. \u00c0 Verbier, tout concourt \u00e0 l\u2019oubli du temps : la verticalit\u00e9 des cimes, la lumi\u00e8re qui change \u00e0 chaque minute, et cette\u00a0<em>Salle des Combins<\/em>, pavillon de bois et de verre qui surgit chaque \u00e9t\u00e9 avant de dispara\u00eetre. \u00c9crin provisoire pour une \u0153uvre d\u2019\u00e9ternit\u00e9 : paradoxe ou image parfaite ? Peut-\u00eatre la seule qui convienne \u00e0 ce monument o\u00f9 l\u2019humanit\u00e9 a mis tout ce qu\u2019elle savait d\u2019harmonie et de myst\u00e8re.<\/p>\n\n\n\n<p>Et quelle distribution !\u00a0<strong>Ying Fang<\/strong>, cristal suspendu, et\u00a0<strong>Alice Coote<\/strong>, mezzo tellurique, fondent leurs timbres dans un\u00a0<em>Et in unum Dominum<\/em>\u00a0cisel\u00e9 comme une miniature. Muse du chef,\u00a0<strong>Mariana Flores<\/strong>\u00a0illumine le\u00a0<em>Laudamus Te<\/em>\u00a0de vocalises perl\u00e9es.\u00a0<strong>Bernard Richter<\/strong>, t\u00e9nor solaire, mod\u00e8le l\u2019<em>Et in Spiritum Sanctum<\/em>\u00a0avec un legato ductile, presque mozartien.\u00a0<strong>Benjamin Appl<\/strong>, baryton profond, sculpte le\u00a0<em>Quoniam<\/em>\u00a0comme un bas-relief sonore, entour\u00e9 d\u2019un trio de cors et basson d\u2019une noblesse rustique. Puis vient ce moment suspendu : le\u00a0<em>Benedictus<\/em>. Alarc\u00f3n s\u2019assoit en tailleur, c\u00e8de la sc\u00e8ne \u00e0 la fl\u00fbte et \u00e0 Richter. Geste d\u2019humilit\u00e9, silence sacr\u00e9. La musique ne s\u2019entend plus : elle se respire.<\/p>\n\n\n\n<p><a href=\"https:\/\/baroquiades.com\/messe-en-si-bach-alarcon-verbier-2025\/\">Plus d&rsquo;information<\/a><\/p>\n\n\n\n<p><\/p>","protected":false},"excerpt":{"rendered":"<p>Muse du chef, Mariana Flores illumine le Laudamus Te de vocalises perl\u00e9es. <\/p>","protected":false},"author":1,"featured_media":1356,"comment_status":"open","ping_status":"open","sticky":false,"template":"","format":"standard","meta":{"_acf_changed":false,"footnotes":""},"categories":[7],"tags":[],"class_list":["post-2646","post","type-post","status-publish","format-standard","has-post-thumbnail","hentry","category-news"],"acf":[],"_links":{"self":[{"href":"https:\/\/www.marianaflores.com\/en\/wp-json\/wp\/v2\/posts\/2646","targetHints":{"allow":["GET"]}}],"collection":[{"href":"https:\/\/www.marianaflores.com\/en\/wp-json\/wp\/v2\/posts"}],"about":[{"href":"https:\/\/www.marianaflores.com\/en\/wp-json\/wp\/v2\/types\/post"}],"author":[{"embeddable":true,"href":"https:\/\/www.marianaflores.com\/en\/wp-json\/wp\/v2\/users\/1"}],"replies":[{"embeddable":true,"href":"https:\/\/www.marianaflores.com\/en\/wp-json\/wp\/v2\/comments?post=2646"}],"version-history":[{"count":1,"href":"https:\/\/www.marianaflores.com\/en\/wp-json\/wp\/v2\/posts\/2646\/revisions"}],"predecessor-version":[{"id":2647,"href":"https:\/\/www.marianaflores.com\/en\/wp-json\/wp\/v2\/posts\/2646\/revisions\/2647"}],"wp:featuredmedia":[{"embeddable":true,"href":"https:\/\/www.marianaflores.com\/en\/wp-json\/wp\/v2\/media\/1356"}],"wp:attachment":[{"href":"https:\/\/www.marianaflores.com\/en\/wp-json\/wp\/v2\/media?parent=2646"}],"wp:term":[{"taxonomy":"category","embeddable":true,"href":"https:\/\/www.marianaflores.com\/en\/wp-json\/wp\/v2\/categories?post=2646"},{"taxonomy":"post_tag","embeddable":true,"href":"https:\/\/www.marianaflores.com\/en\/wp-json\/wp\/v2\/tags?post=2646"}],"curies":[{"name":"wp","href":"https:\/\/api.w.org\/{rel}","templated":true}]}}