{"id":2642,"date":"2025-07-30T12:50:16","date_gmt":"2025-07-30T12:50:16","guid":{"rendered":"https:\/\/www.marianaflores.com\/?p=2642"},"modified":"2025-07-30T12:50:17","modified_gmt":"2025-07-30T12:50:17","slug":"forum-opera-bach-messe-en-si-mineur-verbier","status":"publish","type":"post","link":"https:\/\/www.marianaflores.com\/en\/forum-opera-bach-messe-en-si-mineur-verbier\/","title":{"rendered":"Forum Opera: Bach, Messe en si mineur \u2013 Verbier"},"content":{"rendered":"<p>Une ferveur partag\u00e9e, une interpr\u00e9tation d\u2019une puissance formidable, un ch\u0153ur et un orchestre en \u00e9tat de gr\u00e2ce, cette soir\u00e9e restera grav\u00e9e dans la m\u00e9moire de ceux qui \u00e9taient l\u00e0.<\/p>\n\n\n\n<p>Avec laquelle contrastera le style op\u00e9ratique du\u00a0<em>Christe eleyson<\/em>, par les soprano I et II, la voix tr\u00e8s pure de\u00a0<strong>Ying Fang<\/strong>\u00a0et celle plus cors\u00e9e de\u00a0<strong>Mariana Flores<\/strong>.<\/p>\n\n\n\n<p><a href=\"https:\/\/www.forumopera.com\/spectacle\/bach-messe-en-si-mineur-verbier\/?fbclid=IwZXh0bgNhZW0CMTEAAR7wAT8dLHuwcMam1kX4yoPMd-CmxmKFEsQZjNh_NtJcnX7Yf7w2INCvXSXTZg_aem_Ox1jEcksNSounEYEjH7vzQ\">Plus d&rsquo;information<\/a><\/p>\n\n\n\n<p><\/p>","protected":false},"excerpt":{"rendered":"<p>Avec laquelle contrastera le style op\u00e9ratique du Christe eleyson, par les soprano I et II, la voix tr\u00e8s pure de Ying Fang et celle plus cors\u00e9e de Mariana Flores.<\/p>","protected":false},"author":1,"featured_media":2643,"comment_status":"open","ping_status":"open","sticky":false,"template":"","format":"standard","meta":{"_acf_changed":false,"footnotes":""},"categories":[7],"tags":[],"class_list":["post-2642","post","type-post","status-publish","format-standard","has-post-thumbnail","hentry","category-news"],"acf":[],"_links":{"self":[{"href":"https:\/\/www.marianaflores.com\/en\/wp-json\/wp\/v2\/posts\/2642","targetHints":{"allow":["GET"]}}],"collection":[{"href":"https:\/\/www.marianaflores.com\/en\/wp-json\/wp\/v2\/posts"}],"about":[{"href":"https:\/\/www.marianaflores.com\/en\/wp-json\/wp\/v2\/types\/post"}],"author":[{"embeddable":true,"href":"https:\/\/www.marianaflores.com\/en\/wp-json\/wp\/v2\/users\/1"}],"replies":[{"embeddable":true,"href":"https:\/\/www.marianaflores.com\/en\/wp-json\/wp\/v2\/comments?post=2642"}],"version-history":[{"count":1,"href":"https:\/\/www.marianaflores.com\/en\/wp-json\/wp\/v2\/posts\/2642\/revisions"}],"predecessor-version":[{"id":2644,"href":"https:\/\/www.marianaflores.com\/en\/wp-json\/wp\/v2\/posts\/2642\/revisions\/2644"}],"wp:featuredmedia":[{"embeddable":true,"href":"https:\/\/www.marianaflores.com\/en\/wp-json\/wp\/v2\/media\/2643"}],"wp:attachment":[{"href":"https:\/\/www.marianaflores.com\/en\/wp-json\/wp\/v2\/media?parent=2642"}],"wp:term":[{"taxonomy":"category","embeddable":true,"href":"https:\/\/www.marianaflores.com\/en\/wp-json\/wp\/v2\/categories?post=2642"},{"taxonomy":"post_tag","embeddable":true,"href":"https:\/\/www.marianaflores.com\/en\/wp-json\/wp\/v2\/tags?post=2642"}],"curies":[{"name":"wp","href":"https:\/\/api.w.org\/{rel}","templated":true}]}}