{"id":2639,"date":"2025-07-30T12:42:18","date_gmt":"2025-07-30T12:42:18","guid":{"rendered":"https:\/\/www.marianaflores.com\/?p=2639"},"modified":"2025-07-30T12:42:19","modified_gmt":"2025-07-30T12:42:19","slug":"crescendo-magazine-leonardo-garcia-alarcon-magnifie-handel-mais-encore-plus-giovanni-paolo-colonna","status":"publish","type":"post","link":"https:\/\/www.marianaflores.com\/en\/crescendo-magazine-leonardo-garcia-alarcon-magnifie-handel-mais-encore-plus-giovanni-paolo-colonna\/","title":{"rendered":"Crescendo Magazine: Leonardo Garc\u00eda Alarc\u00f3n magnifie Handel, mais encore plus Giovanni Paolo Colonna"},"content":{"rendered":"<p><strong>George Frideric Handel (1685-1759)\u00a0<\/strong>:\u00a0<em>Dixit Dominus HWV 232<\/em>.\u00a0<strong>Giovanni Paolo Colonna (1637-1695)<\/strong>\u00a0:\u00a0<em>Messa concertata a 5 voci<\/em>. Elizaveta Sveshnikova et Mariana Flores, sopranos\u00a0; Paul-Antoine B\u00e9nos-Djian, contret\u00e9nor\u00a0; Valerio Contaldo, t\u00e9nor\u00a0; Andr\u00e9 Morsch, basse\u00a0; Cappella Mediterranea\u00a0; Ch\u0153ur de chambre de Namur, direction Leonardo Garc\u00eda Alarc\u00f3n. 2024. Notice en anglais et en fran\u00e7ais. 68\u2019 31\u2019\u2019. Ricercar RIC 470.\u00a0<\/p>\n\n\n\n<p>Les solistes du chant se r\u00e9v\u00e8lent eux aussi transport\u00e9s dans leurs interventions, m\u00eame si Elizaveta Sveshnikova tarde un peu \u00e0 prendre ses marques, qui sont assur\u00e9es lorsqu\u2019elle est en duo avec Mariana Flores, irr\u00e9prochable, dans\u00a0<em>De torrente in via<\/em>.<\/p>\n\n\n\n<p><a href=\"https:\/\/www.crescendo-magazine.be\/leonardo-garcia-alarcon-magnifie-handel-mais-encore-plus-giovanni-paolo-colonna\/\">Plus d&rsquo;information<\/a><\/p>\n\n\n\n<p><\/p>","protected":false},"excerpt":{"rendered":"<p>Les solistes du chant se r\u00e9v\u00e8lent eux aussi transport\u00e9s dans leurs interventions, m\u00eame si Elizaveta Sveshnikova tarde un peu \u00e0 prendre ses marques, qui sont assur\u00e9es lorsqu\u2019elle est en duo avec Mariana Flores, irr\u00e9prochable, dans De torrente in via.<\/p>","protected":false},"author":1,"featured_media":2640,"comment_status":"open","ping_status":"open","sticky":false,"template":"","format":"standard","meta":{"_acf_changed":false,"footnotes":""},"categories":[7],"tags":[],"class_list":["post-2639","post","type-post","status-publish","format-standard","has-post-thumbnail","hentry","category-news"],"acf":[],"_links":{"self":[{"href":"https:\/\/www.marianaflores.com\/en\/wp-json\/wp\/v2\/posts\/2639","targetHints":{"allow":["GET"]}}],"collection":[{"href":"https:\/\/www.marianaflores.com\/en\/wp-json\/wp\/v2\/posts"}],"about":[{"href":"https:\/\/www.marianaflores.com\/en\/wp-json\/wp\/v2\/types\/post"}],"author":[{"embeddable":true,"href":"https:\/\/www.marianaflores.com\/en\/wp-json\/wp\/v2\/users\/1"}],"replies":[{"embeddable":true,"href":"https:\/\/www.marianaflores.com\/en\/wp-json\/wp\/v2\/comments?post=2639"}],"version-history":[{"count":1,"href":"https:\/\/www.marianaflores.com\/en\/wp-json\/wp\/v2\/posts\/2639\/revisions"}],"predecessor-version":[{"id":2641,"href":"https:\/\/www.marianaflores.com\/en\/wp-json\/wp\/v2\/posts\/2639\/revisions\/2641"}],"wp:featuredmedia":[{"embeddable":true,"href":"https:\/\/www.marianaflores.com\/en\/wp-json\/wp\/v2\/media\/2640"}],"wp:attachment":[{"href":"https:\/\/www.marianaflores.com\/en\/wp-json\/wp\/v2\/media?parent=2639"}],"wp:term":[{"taxonomy":"category","embeddable":true,"href":"https:\/\/www.marianaflores.com\/en\/wp-json\/wp\/v2\/categories?post=2639"},{"taxonomy":"post_tag","embeddable":true,"href":"https:\/\/www.marianaflores.com\/en\/wp-json\/wp\/v2\/tags?post=2639"}],"curies":[{"name":"wp","href":"https:\/\/api.w.org\/{rel}","templated":true}]}}