{"id":2629,"date":"2025-07-09T16:52:40","date_gmt":"2025-07-09T16:52:40","guid":{"rendered":"https:\/\/www.marianaflores.com\/?p=2629"},"modified":"2025-07-09T16:52:41","modified_gmt":"2025-07-09T16:52:41","slug":"monteverdi-des-peches-a-lextase","status":"publish","type":"post","link":"https:\/\/www.marianaflores.com\/en\/monteverdi-des-peches-a-lextase\/","title":{"rendered":"Monteverdi, des p\u00e9ch\u00e9s \u00e0 l\u2019extase"},"content":{"rendered":"<p>Leonardo Garc\u00eda Alarc\u00f3n et sa Cappella Mediterranea donnaient mardi \u00e0 l\u2019\u00c9glise de Saint-Jacques leur second concert dans le cadre du Festival de Lanaudi\u00e8re 2025. L\u2019ensorcelant programme \u00ab\u00a0Monteverdi et les sept p\u00e9ch\u00e9s capitaux\u00a0\u00bb d\u00e9coulait tr\u00e8s directement du CD \u00e9ponyme sacr\u00e9 \u00ab\u00a0disque de l\u2019ann\u00e9e 2016\u00a0\u00bb par\u00a0<em>Le Devoir<\/em>\u00a0et offrait un \u00e9cho tr\u00e8s direct \u00e0 la repr\u00e9sentation, dimanche, du\u00a0<em>Couronnement de Popp\u00e9e<\/em>.<\/p>\n\n\n\n<p><a href=\"https:\/\/www.ledevoir.com\/culture\/musique\/898831\/monteverdi-peches-extase\">Plus d&rsquo;information<\/a><\/p>\n\n\n\n<p><\/p>","protected":false},"excerpt":{"rendered":"<p>Et l\u00e0, coup de g\u00e9nie : encha\u00eenement harmonique absolument t\u00e9tanisant entre la fin de cette sc\u00e8ne et le Lamento de la Ninfa, chant\u00e9 en transe par Mariana Flores. La chanteuse r\u00e9\u00e9ditera cette prouesse dans \u00ab S\u2019apre la tomba \u00bb \u00e0 la fin de la seconde partie.<\/p>","protected":false},"author":1,"featured_media":2630,"comment_status":"open","ping_status":"open","sticky":false,"template":"","format":"standard","meta":{"_acf_changed":false,"footnotes":""},"categories":[7],"tags":[],"class_list":["post-2629","post","type-post","status-publish","format-standard","has-post-thumbnail","hentry","category-news"],"acf":[],"_links":{"self":[{"href":"https:\/\/www.marianaflores.com\/en\/wp-json\/wp\/v2\/posts\/2629","targetHints":{"allow":["GET"]}}],"collection":[{"href":"https:\/\/www.marianaflores.com\/en\/wp-json\/wp\/v2\/posts"}],"about":[{"href":"https:\/\/www.marianaflores.com\/en\/wp-json\/wp\/v2\/types\/post"}],"author":[{"embeddable":true,"href":"https:\/\/www.marianaflores.com\/en\/wp-json\/wp\/v2\/users\/1"}],"replies":[{"embeddable":true,"href":"https:\/\/www.marianaflores.com\/en\/wp-json\/wp\/v2\/comments?post=2629"}],"version-history":[{"count":1,"href":"https:\/\/www.marianaflores.com\/en\/wp-json\/wp\/v2\/posts\/2629\/revisions"}],"predecessor-version":[{"id":2631,"href":"https:\/\/www.marianaflores.com\/en\/wp-json\/wp\/v2\/posts\/2629\/revisions\/2631"}],"wp:featuredmedia":[{"embeddable":true,"href":"https:\/\/www.marianaflores.com\/en\/wp-json\/wp\/v2\/media\/2630"}],"wp:attachment":[{"href":"https:\/\/www.marianaflores.com\/en\/wp-json\/wp\/v2\/media?parent=2629"}],"wp:term":[{"taxonomy":"category","embeddable":true,"href":"https:\/\/www.marianaflores.com\/en\/wp-json\/wp\/v2\/categories?post=2629"},{"taxonomy":"post_tag","embeddable":true,"href":"https:\/\/www.marianaflores.com\/en\/wp-json\/wp\/v2\/tags?post=2629"}],"curies":[{"name":"wp","href":"https:\/\/api.w.org\/{rel}","templated":true}]}}