{"id":2621,"date":"2025-07-09T16:40:55","date_gmt":"2025-07-09T16:40:55","guid":{"rendered":"https:\/\/www.marianaflores.com\/?p=2621"},"modified":"2025-07-09T16:40:55","modified_gmt":"2025-07-09T16:40:55","slug":"poppee-comme-par-miracle","status":"publish","type":"post","link":"https:\/\/www.marianaflores.com\/en\/poppee-comme-par-miracle\/","title":{"rendered":"\u00abPopp\u00e9e\u00bb, comme par miracle"},"content":{"rendered":"<p>Deux ans apr\u00e8s une\u00a0<a href=\"https:\/\/www.ledevoir.com\/culture\/musique\/795044\/critique-classique-garcia-alarcon-au-dela-de-la-musique?utm_source=recirculation&amp;utm_medium=hyperlien&amp;utm_campaign=corps_texte\" target=\"_blank\" rel=\"noreferrer noopener\">m\u00e9morable pr\u00e9sentation de\u00a0<em>L\u2019Orfeo<\/em>\u00a0en 2023<\/a>, Leonardo Garc\u00eda Alarc\u00f3n et sa Cappella Mediterranea revenaient proposer un op\u00e9ra de Monteverdi au Festival de Lanaudi\u00e8re. Plusieurs vents adverses ont souffl\u00e9 sur ce\u00a0<em>Couronnement de Popp\u00e9e<\/em>, qui a fini par transporter les auditeurs dans le m\u00eame \u00e9tat d\u2019\u00e9motion, de f\u00e9licit\u00e9 et d\u2019\u00e9blouissement.<\/p>\n\n\n\n<p>La prestation renversante de la soir\u00e9e a \u00e9t\u00e9 celle de l\u2019\u00e9pouse du chef, Mariana Flores, en Ottavia. Il est vrai que Monteverdi l\u2019a g\u00e2t\u00e9e (son dernier \u00ab\u00a0Adieu\u00a0\u00bb\u00a0!), mais la somme d\u2019inflexions expressives et de dosages vocaux millim\u00e9tr\u00e9s dans son air de l\u2019acte I \u00e9tait stup\u00e9fiante.<\/p>\n\n\n\n<p><a href=\"https:\/\/www.ledevoir.com\/culture\/musique\/898198\/critique-concert-poppee-comme-miracle\">Plus d&rsquo;information<\/a><\/p>\n\n\n\n<p><\/p>","protected":false},"excerpt":{"rendered":"<p>La prestation renversante de la soir\u00e9e a \u00e9t\u00e9 celle de l\u2019\u00e9pouse du chef, Mariana Flores, en Ottavia. Il est vrai que Monteverdi l\u2019a g\u00e2t\u00e9e (son dernier \u00ab Adieu \u00bb !), mais la somme d\u2019inflexions expressives et de dosages vocaux millim\u00e9tr\u00e9s dans son air de l\u2019acte I \u00e9tait stup\u00e9fiante.<\/p>","protected":false},"author":1,"featured_media":2622,"comment_status":"open","ping_status":"open","sticky":false,"template":"","format":"standard","meta":{"_acf_changed":false,"footnotes":""},"categories":[7],"tags":[],"class_list":["post-2621","post","type-post","status-publish","format-standard","has-post-thumbnail","hentry","category-news"],"acf":[],"_links":{"self":[{"href":"https:\/\/www.marianaflores.com\/en\/wp-json\/wp\/v2\/posts\/2621","targetHints":{"allow":["GET"]}}],"collection":[{"href":"https:\/\/www.marianaflores.com\/en\/wp-json\/wp\/v2\/posts"}],"about":[{"href":"https:\/\/www.marianaflores.com\/en\/wp-json\/wp\/v2\/types\/post"}],"author":[{"embeddable":true,"href":"https:\/\/www.marianaflores.com\/en\/wp-json\/wp\/v2\/users\/1"}],"replies":[{"embeddable":true,"href":"https:\/\/www.marianaflores.com\/en\/wp-json\/wp\/v2\/comments?post=2621"}],"version-history":[{"count":1,"href":"https:\/\/www.marianaflores.com\/en\/wp-json\/wp\/v2\/posts\/2621\/revisions"}],"predecessor-version":[{"id":2623,"href":"https:\/\/www.marianaflores.com\/en\/wp-json\/wp\/v2\/posts\/2621\/revisions\/2623"}],"wp:featuredmedia":[{"embeddable":true,"href":"https:\/\/www.marianaflores.com\/en\/wp-json\/wp\/v2\/media\/2622"}],"wp:attachment":[{"href":"https:\/\/www.marianaflores.com\/en\/wp-json\/wp\/v2\/media?parent=2621"}],"wp:term":[{"taxonomy":"category","embeddable":true,"href":"https:\/\/www.marianaflores.com\/en\/wp-json\/wp\/v2\/categories?post=2621"},{"taxonomy":"post_tag","embeddable":true,"href":"https:\/\/www.marianaflores.com\/en\/wp-json\/wp\/v2\/tags?post=2621"}],"curies":[{"name":"wp","href":"https:\/\/api.w.org\/{rel}","templated":true}]}}