{"id":2429,"date":"2024-11-10T10:09:07","date_gmt":"2024-11-10T10:09:07","guid":{"rendered":"https:\/\/www.marianaflores.com\/?p=2429"},"modified":"2024-11-10T10:10:18","modified_gmt":"2024-11-10T10:10:18","slug":"classique-news-seasons-mariana-flores-arezki-ait-hamou-russell-kadima-tk-la-cappella-mediterranea-fabrice-murgia-quito-gato","status":"publish","type":"post","link":"https:\/\/www.marianaflores.com\/en\/classique-news-seasons-mariana-flores-arezki-ait-hamou-russell-kadima-tk-la-cappella-mediterranea-fabrice-murgia-quito-gato\/","title":{"rendered":"Classique News: SEASONS. Mariana Flores, Arezki A\u00eft-Hamou, Russell Kadima TK. La Cappella Mediterranea \/ Fabrice Murgia \/ Quito Gato."},"content":{"rendered":"<p><em><strong>SEASONS<\/strong><\/em>&nbsp;\u00e9tait initialement programm\u00e9 pour inaugurer la nouvelle salle genevoise. En miroir avec notre \u00e9poque cataclysmique, l\u2019action m\u00eale trois destins individuels et tragiques ; la serveuse Mariana, victime encore marqu\u00e9e par sa relation amoureuse difficile ; Arezki, livreur, ex-taulard, en resocialisation ; TK, jeune black accro aux mondes virtuels, totalement d\u00e9cal\u00e9 hors r\u00e9alit\u00e9, et rendu aveugle par ses lunettes virtuelles\u2026 Chant, musique, jeu sc\u00e9nique, tout fusionne\u2026 m\u00eame si la diversit\u00e9 de ces vies bris\u00e9es, ou en reconstruction, fait parfois \u00e9clater le fil f\u00e9d\u00e9rateur.<\/p>\n\n\n\n<p>De fait, les actions se d\u00e9roulent sans qu\u2019on en comprenne toujours le sens ni la finalit\u00e9, le spectacle versant ici dans l\u2019\u00e9clatement. Justement, le livret nous parle de derni\u00e8re chance ; derni\u00e8re chance offerte \u00e0 tous ceux qui souffrent, coup\u00e9s des autres ; leur destin tragique les rassemble et le spectacle laisse envisager qu\u2019ils pourraient se sauver les uns avec les autres, en solidarit\u00e9 : casser les solitudes, reconnecter les individus entre eux\u2026 avant la ruine annonc\u00e9e. C\u2019est pourtant l\u2019esprit du \u00ab&nbsp;<em>Let\u2019s get it started<\/em>&nbsp;\u00bb de&nbsp;<strong>The Black Eyed Peas<\/strong>, qui c\u00e9l\u00e8bre sur un mode festif, tout \u00e0 fait assum\u00e9, le salut des fraternit\u00e9s recompos\u00e9es.<\/p>\n\n\n\n<p><\/p>\n\n\n\n<p><a href=\"https:\/\/www.classiquenews.com\/critique-spectacle-musical-geneve-la-cite-bleue-octobre-2024-seasons-marianna-flores\/\">Plus d&rsquo;information<\/a><\/p>\n\n\n\n<p><\/p>","protected":false},"excerpt":{"rendered":"<p>La nouvelle structure musicale dont s\u2019est dot\u00e9e Gen\u00e8ve (avec beaucoup de financement priv\u00e9), La Cit\u00e9 Bleue, voulue et dirig\u00e9e par le chef argentin Leonardo Garcia Alarcon, est plac\u00e9e au c\u0153ur de la Cit\u00e9 universitaire de la cit\u00e9 l\u00e9manique. Nous avions annonc\u00e9 l\u2019inauguration (mars 2024) de ce nouveau lieu culturel dans ces colonnes, d\u00e8s l\u2019ann\u00e9e derni\u00e8re (au lendemain d\u2019une soir\u00e9e pr\u00e9-inaugurale, en novembre 2024), un lieu d\u00e9cid\u00e9ment tr\u00e8s actif et \u201cexp\u00e9rimental\u201d, en mettant cette fois \u00e0 son affiche un nouveau spectacle au carrefour des disciplines, et intitul\u00e9 \u00ab SEASONS\u00ab .<\/p>","protected":false},"author":1,"featured_media":2417,"comment_status":"open","ping_status":"open","sticky":false,"template":"","format":"standard","meta":{"_acf_changed":false,"footnotes":""},"categories":[7],"tags":[],"class_list":["post-2429","post","type-post","status-publish","format-standard","has-post-thumbnail","hentry","category-news"],"acf":[],"_links":{"self":[{"href":"https:\/\/www.marianaflores.com\/en\/wp-json\/wp\/v2\/posts\/2429","targetHints":{"allow":["GET"]}}],"collection":[{"href":"https:\/\/www.marianaflores.com\/en\/wp-json\/wp\/v2\/posts"}],"about":[{"href":"https:\/\/www.marianaflores.com\/en\/wp-json\/wp\/v2\/types\/post"}],"author":[{"embeddable":true,"href":"https:\/\/www.marianaflores.com\/en\/wp-json\/wp\/v2\/users\/1"}],"replies":[{"embeddable":true,"href":"https:\/\/www.marianaflores.com\/en\/wp-json\/wp\/v2\/comments?post=2429"}],"version-history":[{"count":2,"href":"https:\/\/www.marianaflores.com\/en\/wp-json\/wp\/v2\/posts\/2429\/revisions"}],"predecessor-version":[{"id":2431,"href":"https:\/\/www.marianaflores.com\/en\/wp-json\/wp\/v2\/posts\/2429\/revisions\/2431"}],"wp:featuredmedia":[{"embeddable":true,"href":"https:\/\/www.marianaflores.com\/en\/wp-json\/wp\/v2\/media\/2417"}],"wp:attachment":[{"href":"https:\/\/www.marianaflores.com\/en\/wp-json\/wp\/v2\/media?parent=2429"}],"wp:term":[{"taxonomy":"category","embeddable":true,"href":"https:\/\/www.marianaflores.com\/en\/wp-json\/wp\/v2\/categories?post=2429"},{"taxonomy":"post_tag","embeddable":true,"href":"https:\/\/www.marianaflores.com\/en\/wp-json\/wp\/v2\/tags?post=2429"}],"curies":[{"name":"wp","href":"https:\/\/api.w.org\/{rel}","templated":true}]}}