{"id":2416,"date":"2024-11-02T10:24:30","date_gmt":"2024-11-02T10:24:30","guid":{"rendered":"https:\/\/www.marianaflores.com\/?p=2416"},"modified":"2024-11-02T10:24:31","modified_gmt":"2024-11-02T10:24:31","slug":"seasons-a-la-cite-bleue-de-geneve-ultra-moderne-solitude","status":"publish","type":"post","link":"https:\/\/www.marianaflores.com\/en\/seasons-a-la-cite-bleue-de-geneve-ultra-moderne-solitude\/","title":{"rendered":"Seasons \u00e0 La Cit\u00e9 Bleue de Gen\u00e8ve : Ultra Moderne Solitude"},"content":{"rendered":"<p><a href=\"https:\/\/www.resmusica.com\/2021\/09\/29\/leonardo-garcia-alarcon-confine-dans-le-palais-enchante-de-rossi\/\">Leonardo Garc\u00eda Alarc\u00f3n et Fabrice Murgia se sont rencontr\u00e9s en 2020<\/a>, en plein confinement, \u00e0 Dijon o\u00f9, splendide point final de l&rsquo;\u00e8re Joyeux,&nbsp;<a href=\"https:\/\/www.resmusica.com\/2020\/12\/13\/dijon-metaphores-a-tous-les-etages-du-palais-enchante\/\">la r\u00e9surrection du&nbsp;<em>Palais enchant\u00e9<\/em>&nbsp;de&nbsp;Luigi Rossi (<em>Il Palazzo Incantato<\/em>)<\/a>&nbsp;marquait aussi les d\u00e9buts \u00e0 l&rsquo;op\u00e9ra de l&rsquo;artiste, jusque l\u00e0 acteur, auteur, metteur en sc\u00e8ne de th\u00e9\u00e2tre, r\u00e9alisateur et fondateur de la Compagnie Artara. Toutes casquettes que l&rsquo;on retrouve dans<em>&nbsp;Seasons<\/em>, dont la carri\u00e8re aura \u00e9t\u00e9 elle aussi victime de la pand\u00e9mie puisque sa cr\u00e9ation a \u00e9t\u00e9 repouss\u00e9e jusqu&rsquo;\u00e0 ce jour de l&rsquo;automne 2024.<\/p>\n\n\n\n<p>Bas\u00e9 sur une id\u00e9e musicale originale du chef de&nbsp;<a href=\"https:\/\/www.resmusica.com\/mot-clef\/cappella-mediterranea\/\">Cappella Mediterranea<\/a>&nbsp;(et directeur artistique de La Cit\u00e9 Bleue), baptis\u00e9 \u00ab une cr\u00e9ation de cin\u00e9ma-th\u00e9\u00e2tre musical \u00bb,&nbsp;<em>Seasons<\/em>&nbsp;confirme le style Murgia, attach\u00e9 \u00e0 enfoncer le clou, d\u00e9j\u00e0 bien martel\u00e9 au fil des quatre heures du<em>&nbsp;Palazzo Incantato<\/em>, d&rsquo;une certaine&nbsp;<em>Ultra Moderne Solitude<\/em>. La pitoyable ann\u00e9e 2020 a infiltr\u00e9 le destin des deux spectacles, l&rsquo;alibi pand\u00e9mique ne servant que de sympt\u00f4me \u00e9merg\u00e9 d&rsquo;un \u00e9tat des lieux de l&rsquo;humanit\u00e9, o\u00f9 le collectif a progressivement marqu\u00e9 le pas devant l&rsquo;individualisme, l&rsquo;ultra-connexion \u00e0 laquelle les derni\u00e8res d\u00e9cennies ont conduit, au lieu de relier les hommes et les femmes de la plan\u00e8te, n&rsquo;ayant fait que les contraindre au repli sur soi, et m\u00eame \u00e0 l&rsquo;enfermement.<\/p>\n\n\n\n<p><\/p>\n\n\n\n<p><a href=\"https:\/\/www.resmusica.com\/2024\/10\/27\/seasons-a-la-cite-bleue-de-geneve-ultra-moderne-solitude\/\">Plus d&rsquo;information<\/a><\/p>\n\n\n\n<p><\/p>","protected":false},"excerpt":{"rendered":"<p>Au printemps 2024, La Cit\u00e9 Bleue a ouvert ses portes en fanfare avec celles de L&rsquo;Orfeo donn\u00e9 par Leonardo Garc\u00eda Alarc\u00f3n et sa Cappella Mediterranea. Pourtant c&rsquo;\u00e9tait Seasons, mis en sc\u00e8ne par Fabrice Murgia, qui aurait d\u00fb faire l&rsquo;ouverture de ce nouvel \u00e9crin musical avec lequel il va falloir compter.<\/p>","protected":false},"author":1,"featured_media":2413,"comment_status":"open","ping_status":"open","sticky":false,"template":"","format":"standard","meta":{"_acf_changed":false,"footnotes":""},"categories":[7],"tags":[],"class_list":["post-2416","post","type-post","status-publish","format-standard","has-post-thumbnail","hentry","category-news"],"acf":[],"_links":{"self":[{"href":"https:\/\/www.marianaflores.com\/en\/wp-json\/wp\/v2\/posts\/2416","targetHints":{"allow":["GET"]}}],"collection":[{"href":"https:\/\/www.marianaflores.com\/en\/wp-json\/wp\/v2\/posts"}],"about":[{"href":"https:\/\/www.marianaflores.com\/en\/wp-json\/wp\/v2\/types\/post"}],"author":[{"embeddable":true,"href":"https:\/\/www.marianaflores.com\/en\/wp-json\/wp\/v2\/users\/1"}],"replies":[{"embeddable":true,"href":"https:\/\/www.marianaflores.com\/en\/wp-json\/wp\/v2\/comments?post=2416"}],"version-history":[{"count":1,"href":"https:\/\/www.marianaflores.com\/en\/wp-json\/wp\/v2\/posts\/2416\/revisions"}],"predecessor-version":[{"id":2418,"href":"https:\/\/www.marianaflores.com\/en\/wp-json\/wp\/v2\/posts\/2416\/revisions\/2418"}],"wp:featuredmedia":[{"embeddable":true,"href":"https:\/\/www.marianaflores.com\/en\/wp-json\/wp\/v2\/media\/2413"}],"wp:attachment":[{"href":"https:\/\/www.marianaflores.com\/en\/wp-json\/wp\/v2\/media?parent=2416"}],"wp:term":[{"taxonomy":"category","embeddable":true,"href":"https:\/\/www.marianaflores.com\/en\/wp-json\/wp\/v2\/categories?post=2416"},{"taxonomy":"post_tag","embeddable":true,"href":"https:\/\/www.marianaflores.com\/en\/wp-json\/wp\/v2\/tags?post=2416"}],"curies":[{"name":"wp","href":"https:\/\/api.w.org\/{rel}","templated":true}]}}