{"id":2303,"date":"2024-07-30T21:37:36","date_gmt":"2024-07-30T21:37:36","guid":{"rendered":"https:\/\/www.marianaflores.com\/?p=2303"},"modified":"2024-07-30T21:38:25","modified_gmt":"2024-07-30T21:38:25","slug":"il-ritorno-dulisse-in-patria-de-claudio-monteverdi-au-festival-daix-en-provence-2024","status":"publish","type":"post","link":"https:\/\/www.marianaflores.com\/en\/il-ritorno-dulisse-in-patria-de-claudio-monteverdi-au-festival-daix-en-provence-2024\/","title":{"rendered":"Il ritorno d\u2019Ulisse in patria de Claudio Monteverdi au Festival d\u2019Aix-en-Provence 2024"},"content":{"rendered":"<p>Dernier rendez-vous d\u2019importance du Festival d\u2019Aix-en-Provence 2024, ce\u00a0<em>Retour d\u2019Ulysse<\/em>\u00a0\u00e9tait tr\u00e8s attendu car confi\u00e9 \u00e0 Pierre Audi et Leonardo Garc\u00eda Alarc\u00f3n. La nouvelle production de l&rsquo;ouvrage de Monteverdi a tenu toutes ses promesses, id\u00e9alement servie par le talent de chacun des artistes-artisans r\u00e9unis pour la circonstance.<br><em>Psychologie<\/em>\u00a0: mot-cl\u00e9 pour une mise en sc\u00e8ne. Au c\u0153ur du propos pr\u00e9sent\u00e9 dans le programme du spectacle, Pierre Audi n\u2019a de cesse de d\u00e9fendre une vision psychologique du drame qui permet de donner du sens \u00e0 une \u0153uvre qui pourrait n\u2019\u00eatre qu\u2019une longue narration musicale et de la chair \u00e0 chacun de ses personnages, du plus mortel au plus divin. Surtout n\u2019attendez pas ici des colonnes de marbre, des trir\u00e8mes ou des tri\u00e8res au port et sur les flots, du ciel bleu et des plages de sable fin : exit le toc. Pierre Audi et son \u00e9quipe ont choisi la simplicit\u00e9 dans le bon go\u00fbt, avec un extraordinaire travail sur les lumi\u00e8res sign\u00e9 Urs Sch\u00f6nebaum qui imprime une dimension onirique au spectacle. De la sobri\u00e9t\u00e9 et de l\u2019\u00e9l\u00e9gance, aussi, pour les costumes de Wojciech Dziedzic, pastel bleu pour les dieux, une robe de velours moir\u00e9 aux couleurs dor\u00e9es d\u2019automne pour P\u00e9n\u00e9lope renfor\u00e7ant la prestance et la beaut\u00e9 du personnage.<\/p>\n\n\n\n<p><a href=\"https:\/\/www.concertclassic.com\/article\/il-ritorno-dulisse-patria-de-claudio-monteverdi-au-festival-daix-en-provence-2024-ithaque\">Plus d&rsquo;information<\/a><\/p>","protected":false},"excerpt":{"rendered":"<p>Mariana Flores offre une Minerve assur\u00e9e sur toute la tessiture du r\u00f4le ; sc\u00e9niquement, son interpr\u00e9tation de la d\u00e9esse guerri\u00e8re est totalement cr\u00e9dible. Tr\u00e8s appr\u00e9ci\u00e9s, aussi, Alex Rosen, alterne un Neptune et un Antinoos tout en puissance et Marcel Beekman apporte une pointe de folie \u00e0 Iro.<\/p>","protected":false},"author":1,"featured_media":2290,"comment_status":"open","ping_status":"open","sticky":false,"template":"","format":"standard","meta":{"_acf_changed":false,"footnotes":""},"categories":[7],"tags":[],"class_list":["post-2303","post","type-post","status-publish","format-standard","has-post-thumbnail","hentry","category-news"],"acf":[],"_links":{"self":[{"href":"https:\/\/www.marianaflores.com\/en\/wp-json\/wp\/v2\/posts\/2303","targetHints":{"allow":["GET"]}}],"collection":[{"href":"https:\/\/www.marianaflores.com\/en\/wp-json\/wp\/v2\/posts"}],"about":[{"href":"https:\/\/www.marianaflores.com\/en\/wp-json\/wp\/v2\/types\/post"}],"author":[{"embeddable":true,"href":"https:\/\/www.marianaflores.com\/en\/wp-json\/wp\/v2\/users\/1"}],"replies":[{"embeddable":true,"href":"https:\/\/www.marianaflores.com\/en\/wp-json\/wp\/v2\/comments?post=2303"}],"version-history":[{"count":1,"href":"https:\/\/www.marianaflores.com\/en\/wp-json\/wp\/v2\/posts\/2303\/revisions"}],"predecessor-version":[{"id":2304,"href":"https:\/\/www.marianaflores.com\/en\/wp-json\/wp\/v2\/posts\/2303\/revisions\/2304"}],"wp:featuredmedia":[{"embeddable":true,"href":"https:\/\/www.marianaflores.com\/en\/wp-json\/wp\/v2\/media\/2290"}],"wp:attachment":[{"href":"https:\/\/www.marianaflores.com\/en\/wp-json\/wp\/v2\/media?parent=2303"}],"wp:term":[{"taxonomy":"category","embeddable":true,"href":"https:\/\/www.marianaflores.com\/en\/wp-json\/wp\/v2\/categories?post=2303"},{"taxonomy":"post_tag","embeddable":true,"href":"https:\/\/www.marianaflores.com\/en\/wp-json\/wp\/v2\/tags?post=2303"}],"curies":[{"name":"wp","href":"https:\/\/api.w.org\/{rel}","templated":true}]}}