{"id":2075,"date":"2024-01-28T19:45:37","date_gmt":"2024-01-28T19:45:37","guid":{"rendered":"https:\/\/www.marianaflores.com\/?p=2075"},"modified":"2024-01-28T19:49:53","modified_gmt":"2024-01-28T19:49:53","slug":"les-vepres-de-la-vierge-par-la-cappella-mediterranea-a-la-chapelle-royale-de-versailles-monteverdi-a-360","status":"publish","type":"post","link":"https:\/\/www.marianaflores.com\/en\/les-vepres-de-la-vierge-par-la-cappella-mediterranea-a-la-chapelle-royale-de-versailles-monteverdi-a-360\/","title":{"rendered":"Premi\u00e8re Loge: Les V\u00eapres de la Vierge par la Cappella Mediterranea \u00e0 la Chapelle Royale de Versailles"},"content":{"rendered":"<p>A-t-on jamais entendu de telles\u00a0<em>V\u00eapres<\/em>\u00a0? Depuis la vision intense grav\u00e9e dans les ann\u00e9es 1970, par un pr\u00e9curseur, Don Ireneu Segarra, toutes sortes d\u2019interpr\u00e9tations \u00ab\u00a0historiquement inform\u00e9es\u00a0\u00bb nous sont donn\u00e9es \u00e0 entendre par le disque, depuis John Elliot Gardiner \u00e0 Saint-Marc de Venise jusqu\u2019\u00e0 Jordi Savall, Paul McCreesh, Simon-Pierre Bestion et tant d\u2019autres. Des mondes sonores tr\u00e8s diff\u00e9rents, entre l\u2019asc\u00e8se et l\u2019opulence.<br>Avec ces V\u00eapres, c\u2019est \u00e0 une explosion de couleurs et de sons que nous conviait\u00a0<strong>Leonardo Garcia Alarcon<\/strong>. Avec \u00ab ses \u00bb V\u00eapres, il mettait le feu \u00e0 la Chapelle Royale de Versailles.<\/p>\n\n\n\n<p><a href=\"https:\/\/www.premiereloge-opera.com\/article\/compte-rendu\/concert\/2024\/01\/22\/versailles-inoubliables-vepres-de-la-vierge-de-monteverdi-mariana-flores-deborah-cachet-david-sagastume-valerio-contaldo-mathias-vidal-andreas-wolf-rafael-galaz-leonardo-garcia-alarcon-critique\/\">Plus d&rsquo;information<\/a><\/p>","protected":false},"excerpt":{"rendered":"<p>Incroyable concert, d\u2019une fougue, d\u2019un engagement \u00e0 d\u00e9placer les montagnes, flamboyant th\u00e9\u00e2tre de la passion pour la Vierge.<\/p>","protected":false},"author":1,"featured_media":2082,"comment_status":"open","ping_status":"open","sticky":false,"template":"","format":"standard","meta":{"_acf_changed":false,"footnotes":""},"categories":[7],"tags":[],"class_list":["post-2075","post","type-post","status-publish","format-standard","has-post-thumbnail","hentry","category-news"],"acf":[],"_links":{"self":[{"href":"https:\/\/www.marianaflores.com\/en\/wp-json\/wp\/v2\/posts\/2075","targetHints":{"allow":["GET"]}}],"collection":[{"href":"https:\/\/www.marianaflores.com\/en\/wp-json\/wp\/v2\/posts"}],"about":[{"href":"https:\/\/www.marianaflores.com\/en\/wp-json\/wp\/v2\/types\/post"}],"author":[{"embeddable":true,"href":"https:\/\/www.marianaflores.com\/en\/wp-json\/wp\/v2\/users\/1"}],"replies":[{"embeddable":true,"href":"https:\/\/www.marianaflores.com\/en\/wp-json\/wp\/v2\/comments?post=2075"}],"version-history":[{"count":2,"href":"https:\/\/www.marianaflores.com\/en\/wp-json\/wp\/v2\/posts\/2075\/revisions"}],"predecessor-version":[{"id":2081,"href":"https:\/\/www.marianaflores.com\/en\/wp-json\/wp\/v2\/posts\/2075\/revisions\/2081"}],"wp:featuredmedia":[{"embeddable":true,"href":"https:\/\/www.marianaflores.com\/en\/wp-json\/wp\/v2\/media\/2082"}],"wp:attachment":[{"href":"https:\/\/www.marianaflores.com\/en\/wp-json\/wp\/v2\/media?parent=2075"}],"wp:term":[{"taxonomy":"category","embeddable":true,"href":"https:\/\/www.marianaflores.com\/en\/wp-json\/wp\/v2\/categories?post=2075"},{"taxonomy":"post_tag","embeddable":true,"href":"https:\/\/www.marianaflores.com\/en\/wp-json\/wp\/v2\/tags?post=2075"}],"curies":[{"name":"wp","href":"https:\/\/api.w.org\/{rel}","templated":true}]}}