{"id":2027,"date":"2023-12-06T22:02:30","date_gmt":"2023-12-06T22:02:30","guid":{"rendered":"https:\/\/www.marianaflores.com\/?p=2027"},"modified":"2023-12-06T22:02:31","modified_gmt":"2023-12-06T22:02:31","slug":"un-publico-entusiasta-para-el-repertorio-barroco-de-cappella-mediterranea-clarin","status":"publish","type":"post","link":"https:\/\/www.marianaflores.com\/en\/un-publico-entusiasta-para-el-repertorio-barroco-de-cappella-mediterranea-clarin\/","title":{"rendered":"Un p\u00fablico entusiasta para el repertorio barroco de Cappella Mediterranea &#8211; Clar\u00edn"},"content":{"rendered":"\n<p>\u00ab Dif\u00edcilmente se olvide lo que se experiment\u00f3 en el concierto. [\u2026] Claro que las innovaciones interpretativas de Alarc\u00f3n son muy convocantes, logr\u00f3 sacar al repertorio de un nicho a veces rancio y lo atraves\u00f3 con una vitalidad tan intensa como refrescante. Ese laboratorio de emociones humanas extraordinario que propone la obra de Monteverdi se escucha como reci\u00e9n compuesta en manos del director y los magn\u00edficos m\u00fasicos de Cappella Mediterranea \u00bb<br><em><br>\u00ab Il sera difficile d&rsquo;oublier ce que l&rsquo;on a v\u00e9cu lors de ce concert. [&#8230;] Les innovations interpr\u00e9tatives de Leonardo Garc\u00eda Alarc\u00f3n sont tr\u00e8s s\u00e9duisantes, il a r\u00e9ussi \u00e0 sortir le r\u00e9pertoire d&rsquo;une niche parfois \u00e9cul\u00e9e, et il l&rsquo;a fait avec une vitalit\u00e9 aussi intense que rafra\u00eechissante. Cet extraordinaire laboratoire des \u00e9motions humaines dans l&rsquo;\u0153uvre de Monteverdi est entendu comme nouvellement compos\u00e9 entre les mains du chef d&rsquo;orchestre et des magnifiques musiciens de Cappella Mediterranea \u00bb<\/em><\/p>\n\n\n\n<p><a href=\"https:\/\/www.clarin.com\/espectaculos\/publico-entusiasta-repertorio-barroco-cappella-mediterranea-unio-borges-monteverdi_0_DDdbOAkwOx.html\">Plus d&rsquo;information<\/a><\/p>\n","protected":false},"excerpt":{"rendered":"<p>\u201cQuer\u00eda contarles que un d\u00eda tuve un sue\u00f1o. Estaba con Claudio Monteverdi y con Jorge Luis Borges en el caf\u00e9 Tortoni&#8230;\u201d. As\u00ed empez\u00f3 el concierto el reconocido director platense Leonardo Garc\u00eda Alarc\u00f3n, creador del innovador grupo de m\u00fasica del renacimiento y barroco Cappella Mediterranea, con el que se present\u00f3 en el Teatro Col\u00f3n para hacer Pecados capitales con m\u00fasica de Monteverdi.<\/p>","protected":false},"author":1,"featured_media":2029,"comment_status":"open","ping_status":"open","sticky":false,"template":"","format":"standard","meta":{"_acf_changed":false,"footnotes":""},"categories":[7],"tags":[],"class_list":["post-2027","post","type-post","status-publish","format-standard","has-post-thumbnail","hentry","category-news"],"acf":[],"_links":{"self":[{"href":"https:\/\/www.marianaflores.com\/en\/wp-json\/wp\/v2\/posts\/2027","targetHints":{"allow":["GET"]}}],"collection":[{"href":"https:\/\/www.marianaflores.com\/en\/wp-json\/wp\/v2\/posts"}],"about":[{"href":"https:\/\/www.marianaflores.com\/en\/wp-json\/wp\/v2\/types\/post"}],"author":[{"embeddable":true,"href":"https:\/\/www.marianaflores.com\/en\/wp-json\/wp\/v2\/users\/1"}],"replies":[{"embeddable":true,"href":"https:\/\/www.marianaflores.com\/en\/wp-json\/wp\/v2\/comments?post=2027"}],"version-history":[{"count":1,"href":"https:\/\/www.marianaflores.com\/en\/wp-json\/wp\/v2\/posts\/2027\/revisions"}],"predecessor-version":[{"id":2030,"href":"https:\/\/www.marianaflores.com\/en\/wp-json\/wp\/v2\/posts\/2027\/revisions\/2030"}],"wp:featuredmedia":[{"embeddable":true,"href":"https:\/\/www.marianaflores.com\/en\/wp-json\/wp\/v2\/media\/2029"}],"wp:attachment":[{"href":"https:\/\/www.marianaflores.com\/en\/wp-json\/wp\/v2\/media?parent=2027"}],"wp:term":[{"taxonomy":"category","embeddable":true,"href":"https:\/\/www.marianaflores.com\/en\/wp-json\/wp\/v2\/categories?post=2027"},{"taxonomy":"post_tag","embeddable":true,"href":"https:\/\/www.marianaflores.com\/en\/wp-json\/wp\/v2\/tags?post=2027"}],"curies":[{"name":"wp","href":"https:\/\/api.w.org\/{rel}","templated":true}]}}