{"id":2008,"date":"2023-12-06T10:58:00","date_gmt":"2023-12-06T10:58:00","guid":{"rendered":"https:\/\/www.marianaflores.com\/?p=2008"},"modified":"2023-12-06T11:08:09","modified_gmt":"2023-12-06T11:08:09","slug":"una-noche-en-el-teatro-colon-memo","status":"publish","type":"post","link":"https:\/\/www.marianaflores.com\/en\/una-noche-en-el-teatro-colon-memo\/","title":{"rendered":"Una noche en el Teatro Col\u00f3n &#8211; Memo"},"content":{"rendered":"<p>Ir a ver una funci\u00f3n en el teatro m\u00e1s importante del pa\u00eds y que el p\u00fablico ovacione de pie es un placer, pero si encima la principal figura naci\u00f3 en Mendoza, debo confesar que le sumo emoci\u00f3n.<\/p>\n\n\n\n<p>La Capella Mediterr\u00e1nea es uno de los grupos m\u00e1s importantes de la actualidad de la m\u00fasica renacentista y barroca y est\u00e1 en Buenos Aires para presentar su espect\u00e1culo \u00ab\u00a0Pecados Capitales\u00a0\u00bb.<\/p>\n\n\n\n<p>Y cuando llega ese momento, el final, la ovaci\u00f3n es tan natural que hace estallar a todos por igual. Y ah\u00ed cada uno brilla y agradecemos a La Capella Mediterr\u00e1nea por su obra musical. Entre los artistas (quienes mencionar\u00e9 al final) se encuentra la soprano Mariana Flores, una gran artista que logr\u00f3 conmover y emocionar con su voz como un momento \u00fanico que hay que vivenciar. Ella, mendocina, hizo que sintiera el orgullo de estar ah\u00ed entre los presentes y de compartir el lugar.<\/p>\n\n\n\n<p><\/p>\n\n\n\n<p><a href=\"https:\/\/www.memo.com.ar\/cultura\/capella-mediterranea\/\">Plus d&rsquo;information<\/a><\/p>","protected":false},"excerpt":{"rendered":"<p>Y cuando llega ese momento, el final, la ovaci\u00f3n es tan natural que hace estallar a todos por igual. Y ah\u00ed cada uno brilla y agradecemos a La Capella Mediterr\u00e1nea por su obra musical. Entre los artistas (quienes mencionar\u00e9 al final) se encuentra la soprano Mariana Flores, una gran artista que logr\u00f3 conmover y emocionar con su voz como un momento \u00fanico que hay que vivenciar. Ella, mendocina, hizo que sintiera el orgullo de estar ah\u00ed entre los presentes y de compartir el lugar.<\/p>","protected":false},"author":1,"featured_media":2009,"comment_status":"open","ping_status":"open","sticky":false,"template":"","format":"standard","meta":{"_acf_changed":false,"footnotes":""},"categories":[7],"tags":[],"class_list":["post-2008","post","type-post","status-publish","format-standard","has-post-thumbnail","hentry","category-news"],"acf":[],"_links":{"self":[{"href":"https:\/\/www.marianaflores.com\/en\/wp-json\/wp\/v2\/posts\/2008","targetHints":{"allow":["GET"]}}],"collection":[{"href":"https:\/\/www.marianaflores.com\/en\/wp-json\/wp\/v2\/posts"}],"about":[{"href":"https:\/\/www.marianaflores.com\/en\/wp-json\/wp\/v2\/types\/post"}],"author":[{"embeddable":true,"href":"https:\/\/www.marianaflores.com\/en\/wp-json\/wp\/v2\/users\/1"}],"replies":[{"embeddable":true,"href":"https:\/\/www.marianaflores.com\/en\/wp-json\/wp\/v2\/comments?post=2008"}],"version-history":[{"count":2,"href":"https:\/\/www.marianaflores.com\/en\/wp-json\/wp\/v2\/posts\/2008\/revisions"}],"predecessor-version":[{"id":2015,"href":"https:\/\/www.marianaflores.com\/en\/wp-json\/wp\/v2\/posts\/2008\/revisions\/2015"}],"wp:featuredmedia":[{"embeddable":true,"href":"https:\/\/www.marianaflores.com\/en\/wp-json\/wp\/v2\/media\/2009"}],"wp:attachment":[{"href":"https:\/\/www.marianaflores.com\/en\/wp-json\/wp\/v2\/media?parent=2008"}],"wp:term":[{"taxonomy":"category","embeddable":true,"href":"https:\/\/www.marianaflores.com\/en\/wp-json\/wp\/v2\/categories?post=2008"},{"taxonomy":"post_tag","embeddable":true,"href":"https:\/\/www.marianaflores.com\/en\/wp-json\/wp\/v2\/tags?post=2008"}],"curies":[{"name":"wp","href":"https:\/\/api.w.org\/{rel}","templated":true}]}}