{"id":2006,"date":"2023-12-06T10:53:29","date_gmt":"2023-12-06T10:53:29","guid":{"rendered":"https:\/\/www.marianaflores.com\/?p=2006"},"modified":"2023-12-06T11:08:52","modified_gmt":"2023-12-06T11:08:52","slug":"la-soprano-mendocina-que-triunfa-en-europa-vuelve-al-teatro-colon-los-andes","status":"publish","type":"post","link":"https:\/\/www.marianaflores.com\/en\/la-soprano-mendocina-que-triunfa-en-europa-vuelve-al-teatro-colon-los-andes\/","title":{"rendered":"La soprano mendocina que triunfa en Europa vuelve al Teatro Col\u00f3n &#8211; Los Andes"},"content":{"rendered":"<p>Mariana Flores tiene una muy consolidada carrera en Europa, donde se desempe\u00f1a como soprano del estilo barroco, y donde tiene adem\u00e1s una enriquecedora vida privada y familiar. En esta entrevista habla de sus logros, de su regreso a Argentina y de los avatares de ser madre y profesional.<\/p>\n\n\n\n<p>La&nbsp;<strong>soprano mendocina Mariana Flores<\/strong>&nbsp;y uno de los grupos m\u00e1s importantes de la actualidad entre los dedicados al campo de la m\u00fasica renacentista y barroca, la&nbsp;<strong>Capella Mediterranea<\/strong>, llega a Buenos Aires para presentar un espect\u00e1culo en el que diversas piezas de&nbsp;<strong>Claudio Monteverdi<\/strong>&nbsp;se organizan en torno a los&nbsp;<strong>Siete Pecados Capitales<\/strong>. La presentaci\u00f3n ser\u00e1 el lunes 27 de noviembre en el Teatro Col\u00f3n.<\/p>\n\n\n\n<p>La agrupaci\u00f3n aclamada por su participaci\u00f3n en la puesta de la&nbsp;<strong>Op\u00e9ra de Par\u00eds de \u201cLas Indias galantes\u201d de Jean-Phillippe Rameau<\/strong>, grab\u00f3 en disco el material de estos pecados monteverdianos (I sette pecati capitali, publicado por el sello Alpha) obteniendo el reconocimiento de&nbsp;<strong>Le Diamant d\u2019op\u00e9ra&nbsp;<\/strong>y el Choc de la revista francesa Classica.<\/p>\n\n\n\n<p><a href=\"https:\/\/www.losandes.com.ar\/espectaculo\/mariana-flores-la-soprano-mendocina-que-triunfa-en-europa-vuelve-al-teatro-colon\/\">Plus d&rsquo;information<\/a><\/p>","protected":false},"excerpt":{"rendered":"<p>La agrupaci\u00f3n aclamada por su participaci\u00f3n en la puesta de la\u00a0Op\u00e9ra de Par\u00eds de \u201cLas Indias galantes\u201d de Jean-Phillippe Rameau, grab\u00f3 en disco el material de estos pecados monteverdianos (I sette pecati capitali, publicado por el sello Alpha) obteniendo el reconocimiento de\u00a0Le Diamant d\u2019op\u00e9ra\u00a0y el Choc de la revista francesa Classica.<\/p>","protected":false},"author":1,"featured_media":292,"comment_status":"open","ping_status":"open","sticky":false,"template":"","format":"standard","meta":{"_acf_changed":false,"footnotes":""},"categories":[7],"tags":[],"class_list":["post-2006","post","type-post","status-publish","format-standard","has-post-thumbnail","hentry","category-news"],"acf":[],"_links":{"self":[{"href":"https:\/\/www.marianaflores.com\/en\/wp-json\/wp\/v2\/posts\/2006","targetHints":{"allow":["GET"]}}],"collection":[{"href":"https:\/\/www.marianaflores.com\/en\/wp-json\/wp\/v2\/posts"}],"about":[{"href":"https:\/\/www.marianaflores.com\/en\/wp-json\/wp\/v2\/types\/post"}],"author":[{"embeddable":true,"href":"https:\/\/www.marianaflores.com\/en\/wp-json\/wp\/v2\/users\/1"}],"replies":[{"embeddable":true,"href":"https:\/\/www.marianaflores.com\/en\/wp-json\/wp\/v2\/comments?post=2006"}],"version-history":[{"count":2,"href":"https:\/\/www.marianaflores.com\/en\/wp-json\/wp\/v2\/posts\/2006\/revisions"}],"predecessor-version":[{"id":2016,"href":"https:\/\/www.marianaflores.com\/en\/wp-json\/wp\/v2\/posts\/2006\/revisions\/2016"}],"wp:featuredmedia":[{"embeddable":true,"href":"https:\/\/www.marianaflores.com\/en\/wp-json\/wp\/v2\/media\/292"}],"wp:attachment":[{"href":"https:\/\/www.marianaflores.com\/en\/wp-json\/wp\/v2\/media?parent=2006"}],"wp:term":[{"taxonomy":"category","embeddable":true,"href":"https:\/\/www.marianaflores.com\/en\/wp-json\/wp\/v2\/categories?post=2006"},{"taxonomy":"post_tag","embeddable":true,"href":"https:\/\/www.marianaflores.com\/en\/wp-json\/wp\/v2\/tags?post=2006"}],"curies":[{"name":"wp","href":"https:\/\/api.w.org\/{rel}","templated":true}]}}