{"id":2003,"date":"2023-12-06T10:50:35","date_gmt":"2023-12-06T10:50:35","guid":{"rendered":"https:\/\/www.marianaflores.com\/?p=2003"},"modified":"2023-12-06T11:09:15","modified_gmt":"2023-12-06T11:09:15","slug":"la-soprano-mendocina-que-brillo-en-las-tablas-del-teatro-colon-el-sol-mendoza","status":"publish","type":"post","link":"https:\/\/www.marianaflores.com\/en\/la-soprano-mendocina-que-brillo-en-las-tablas-del-teatro-colon-el-sol-mendoza\/","title":{"rendered":"La soprano mendocina que brill\u00f3 en las tablas del teatro Col\u00f3n &#8211; El Sol Mendoza"},"content":{"rendered":"<p><strong>Mendoza<\/strong>&nbsp;no s\u00f3lo es la tierra del sol y del buen vino, sino que tambi\u00e9n sobresale por su inmenso abanico de artistas que trascienden las fronteras. El pasado 27 de noviembre, quien cautiv\u00f3 a los porte\u00f1os fue la soprano mendocina,&nbsp;<strong>Mariana Flores<\/strong>&nbsp;que&nbsp;<mark>junto a su grupo Capella Mediterr\u00e1nea present\u00f3&nbsp;<em>Pecados Capitales<\/em>, en las tablas del prestigioso&nbsp;<strong>teatro Col\u00f3n.<\/strong><\/mark><\/p>\n\n\n\n<p>Con la m\u00fasica de Monteverdi, bajo la direcci\u00f3n del reconocido director platense, Leonardo Garc\u00eda Alarc\u00f3n,&nbsp;<mark>el espect\u00e1culo fue una oportunidad \u00fanica para presenciar la magia de esta soprano mendocina que ha conquistado el mundo con su arte inigualable.<\/mark><\/p>\n\n\n\n<p><a href=\"https:\/\/www.elsol.com.ar\/espectaculos\/mariana-flores-la-soprano-mendocina-que-brillo-en-las-tablas-del-teatro-colon\/\">Plus d&rsquo;information<\/a><\/p>","protected":false},"excerpt":{"rendered":"<p>Con la m\u00fasica de Monteverdi, bajo la direcci\u00f3n del reconocido director platense, Leonardo Garc\u00eda Alarc\u00f3n,\u00a0el espect\u00e1culo fue una oportunidad \u00fanica para presenciar la magia de esta soprano mendocina que ha conquistado el mundo con su arte inigualable.<\/p>","protected":false},"author":1,"featured_media":2004,"comment_status":"open","ping_status":"open","sticky":false,"template":"","format":"standard","meta":{"_acf_changed":false,"footnotes":""},"categories":[7],"tags":[],"class_list":["post-2003","post","type-post","status-publish","format-standard","has-post-thumbnail","hentry","category-news"],"acf":[],"_links":{"self":[{"href":"https:\/\/www.marianaflores.com\/en\/wp-json\/wp\/v2\/posts\/2003","targetHints":{"allow":["GET"]}}],"collection":[{"href":"https:\/\/www.marianaflores.com\/en\/wp-json\/wp\/v2\/posts"}],"about":[{"href":"https:\/\/www.marianaflores.com\/en\/wp-json\/wp\/v2\/types\/post"}],"author":[{"embeddable":true,"href":"https:\/\/www.marianaflores.com\/en\/wp-json\/wp\/v2\/users\/1"}],"replies":[{"embeddable":true,"href":"https:\/\/www.marianaflores.com\/en\/wp-json\/wp\/v2\/comments?post=2003"}],"version-history":[{"count":2,"href":"https:\/\/www.marianaflores.com\/en\/wp-json\/wp\/v2\/posts\/2003\/revisions"}],"predecessor-version":[{"id":2017,"href":"https:\/\/www.marianaflores.com\/en\/wp-json\/wp\/v2\/posts\/2003\/revisions\/2017"}],"wp:featuredmedia":[{"embeddable":true,"href":"https:\/\/www.marianaflores.com\/en\/wp-json\/wp\/v2\/media\/2004"}],"wp:attachment":[{"href":"https:\/\/www.marianaflores.com\/en\/wp-json\/wp\/v2\/media?parent=2003"}],"wp:term":[{"taxonomy":"category","embeddable":true,"href":"https:\/\/www.marianaflores.com\/en\/wp-json\/wp\/v2\/categories?post=2003"},{"taxonomy":"post_tag","embeddable":true,"href":"https:\/\/www.marianaflores.com\/en\/wp-json\/wp\/v2\/tags?post=2003"}],"curies":[{"name":"wp","href":"https:\/\/api.w.org\/{rel}","templated":true}]}}