{"id":1874,"date":"2023-08-30T15:01:07","date_gmt":"2023-08-30T15:01:07","guid":{"rendered":"https:\/\/www.marianaflores.com\/?p=1874"},"modified":"2023-08-30T15:01:08","modified_gmt":"2023-08-30T15:01:08","slug":"purcell-odes-et-autres-concerts-sable","status":"publish","type":"post","link":"https:\/\/www.marianaflores.com\/en\/purcell-odes-et-autres-concerts-sable\/","title":{"rendered":"PURCELL, Odes et autres concerts \u2013 Sabl\u00e9"},"content":{"rendered":"<p>Brillant finale<\/p>\n\n\n\n<p>La derni\u00e8re journ\u00e9e de ce 45<sup>e<\/sup>\u00a0festival aura \u00e9t\u00e9 la plus riche, tant par la quantit\u00e9 d\u2019\u00e9v\u00e9nements offerts que par leur richesse et leur qualit\u00e9. Avec pas moins de huit activit\u00e9s en cinq lieux diff\u00e9rents, \u00e0 Sabl\u00e9 et \u00e0 La Fl\u00e8che, il fallait \u00eatre marathonien confirm\u00e9 pour b\u00e9n\u00e9ficier de tout le programme. Visite, conf\u00e9rence, rencontre, ateliers, ouverts \u00e0 chacun, anim\u00e9s par de prestigieux artistes, pr\u00e9c\u00e9daient trois concerts d\u2019un \u00e9gal int\u00e9r\u00eat.<\/p>\n\n\n\n<p><strong>Valerio Contaldo<\/strong>, don Lidio, et la Donna Isabella de\u00a0<strong>Mariana Flores<\/strong>, au chant flamboyant nous \u00e9taient familiers. Une belle d\u00e9couverte\u00a0que le Santino de\u00a0<strong>Leo Fernique<\/strong>, contre-t\u00e9nor stup\u00e9fiant d\u2019aisance, aux couleurs chaudes et \u00e0 la projection id\u00e9ale.<\/p>\n\n\n\n<p><a href=\"https:\/\/www.forumopera.com\/spectacle\/le-festival-de-sable-sacheve-en-beaute\/?fbclid=IwAR0dVdGxtz9Ujaoh878qrVu2BOrMRN74ZpnewacAhz1f9qo5soj1b3FJuvo_aem_AXkH01YbGHQOpuDkfTMl2IGX2_Z7_41PB1OdHVuOWEMkW-DQlsvCGSM5akwTj-Weqyw\">Plus d&rsquo;information<\/a><\/p>","protected":false},"excerpt":{"rendered":"<p>De toute autre nature \u00e9tait le concert suivant, pr\u00e9vu en plein air, donc amplifi\u00e9, mais que les intemp\u00e9ries ont contraint de rapatrier dans la vaste salle de l\u2019Espace Madeleine Marie de Sabl\u00e9. <\/p>","protected":false},"author":1,"featured_media":1875,"comment_status":"open","ping_status":"open","sticky":false,"template":"","format":"standard","meta":{"_acf_changed":false,"footnotes":""},"categories":[7],"tags":[],"class_list":["post-1874","post","type-post","status-publish","format-standard","has-post-thumbnail","hentry","category-news"],"acf":[],"_links":{"self":[{"href":"https:\/\/www.marianaflores.com\/en\/wp-json\/wp\/v2\/posts\/1874","targetHints":{"allow":["GET"]}}],"collection":[{"href":"https:\/\/www.marianaflores.com\/en\/wp-json\/wp\/v2\/posts"}],"about":[{"href":"https:\/\/www.marianaflores.com\/en\/wp-json\/wp\/v2\/types\/post"}],"author":[{"embeddable":true,"href":"https:\/\/www.marianaflores.com\/en\/wp-json\/wp\/v2\/users\/1"}],"replies":[{"embeddable":true,"href":"https:\/\/www.marianaflores.com\/en\/wp-json\/wp\/v2\/comments?post=1874"}],"version-history":[{"count":1,"href":"https:\/\/www.marianaflores.com\/en\/wp-json\/wp\/v2\/posts\/1874\/revisions"}],"predecessor-version":[{"id":1876,"href":"https:\/\/www.marianaflores.com\/en\/wp-json\/wp\/v2\/posts\/1874\/revisions\/1876"}],"wp:featuredmedia":[{"embeddable":true,"href":"https:\/\/www.marianaflores.com\/en\/wp-json\/wp\/v2\/media\/1875"}],"wp:attachment":[{"href":"https:\/\/www.marianaflores.com\/en\/wp-json\/wp\/v2\/media?parent=1874"}],"wp:term":[{"taxonomy":"category","embeddable":true,"href":"https:\/\/www.marianaflores.com\/en\/wp-json\/wp\/v2\/categories?post=1874"},{"taxonomy":"post_tag","embeddable":true,"href":"https:\/\/www.marianaflores.com\/en\/wp-json\/wp\/v2\/tags?post=1874"}],"curies":[{"name":"wp","href":"https:\/\/api.w.org\/{rel}","templated":true}]}}