{"id":1860,"date":"2023-08-28T12:20:33","date_gmt":"2023-08-28T12:20:33","guid":{"rendered":"https:\/\/www.marianaflores.com\/?p=1860"},"modified":"2023-08-28T12:20:34","modified_gmt":"2023-08-28T12:20:34","slug":"un-orfeo-lumineux-au-festival-de-santander","status":"publish","type":"post","link":"https:\/\/www.marianaflores.com\/en\/un-orfeo-lumineux-au-festival-de-santander\/","title":{"rendered":"Un \u00ab\u00a0Orfeo\u00a0\u00bb lumineux au festival de Santander"},"content":{"rendered":"<p>Les co\u00fbts \u00e9lev\u00e9s associ\u00e9s \u00e0 la production d&rsquo;un op\u00e9ra incitent la plupart des festivals de musique espagnols \u00e0 ne pas aborder ce genre pendant la saison estivale. L&rsquo;Espagne est, en ce sens, une \u00e9trange anomalie dans le contexte europ\u00e9en, o\u00f9 l&rsquo;op\u00e9ra est pr\u00e9cis\u00e9ment le pivot sur lequel s&rsquo;articulent la plupart des projets estivaux.<\/p>\n\n\n\n<p>Il faut donc valoriser l&rsquo;effort que le Festival International de Santander a fait ces derni\u00e8res ann\u00e9es pour pr\u00e9senter des titres du r\u00e9pertoire lyrique, soit en version de concert, soit en version semi-sc\u00e9nique. Ce qui manque d&rsquo;une part est compens\u00e9 d&rsquo;autre part par des ensembles internationaux de haut niveau qui produisent des r\u00e9sultats musicaux et vocaux de premier ordre.<\/p>\n\n\n\n<p><a href=\"https:\/\/www.abc.es\/cultura\/musica\/luminoso-orfeo-festival-santander-20230824194035-nt_amp.html\">Plus d&rsquo;information<\/a><\/p>","protected":false},"excerpt":{"rendered":"<p>Leonardo Garc\u00eda Alarc\u00f3n y la Cappella Mediterr\u00e1nea deslumbran con su versi\u00f3n de la obra de Monteverdi<\/p>","protected":false},"author":1,"featured_media":1861,"comment_status":"open","ping_status":"open","sticky":false,"template":"","format":"standard","meta":{"_acf_changed":false,"footnotes":""},"categories":[7],"tags":[],"class_list":["post-1860","post","type-post","status-publish","format-standard","has-post-thumbnail","hentry","category-news"],"acf":[],"_links":{"self":[{"href":"https:\/\/www.marianaflores.com\/en\/wp-json\/wp\/v2\/posts\/1860","targetHints":{"allow":["GET"]}}],"collection":[{"href":"https:\/\/www.marianaflores.com\/en\/wp-json\/wp\/v2\/posts"}],"about":[{"href":"https:\/\/www.marianaflores.com\/en\/wp-json\/wp\/v2\/types\/post"}],"author":[{"embeddable":true,"href":"https:\/\/www.marianaflores.com\/en\/wp-json\/wp\/v2\/users\/1"}],"replies":[{"embeddable":true,"href":"https:\/\/www.marianaflores.com\/en\/wp-json\/wp\/v2\/comments?post=1860"}],"version-history":[{"count":1,"href":"https:\/\/www.marianaflores.com\/en\/wp-json\/wp\/v2\/posts\/1860\/revisions"}],"predecessor-version":[{"id":1862,"href":"https:\/\/www.marianaflores.com\/en\/wp-json\/wp\/v2\/posts\/1860\/revisions\/1862"}],"wp:featuredmedia":[{"embeddable":true,"href":"https:\/\/www.marianaflores.com\/en\/wp-json\/wp\/v2\/media\/1861"}],"wp:attachment":[{"href":"https:\/\/www.marianaflores.com\/en\/wp-json\/wp\/v2\/media?parent=1860"}],"wp:term":[{"taxonomy":"category","embeddable":true,"href":"https:\/\/www.marianaflores.com\/en\/wp-json\/wp\/v2\/categories?post=1860"},{"taxonomy":"post_tag","embeddable":true,"href":"https:\/\/www.marianaflores.com\/en\/wp-json\/wp\/v2\/tags?post=1860"}],"curies":[{"name":"wp","href":"https:\/\/api.w.org\/{rel}","templated":true}]}}